{"id":26720,"date":"2025-01-17T10:51:19","date_gmt":"2025-01-17T09:51:19","guid":{"rendered":"https:\/\/www.ildammuso.com\/?p=26720"},"modified":"2025-01-17T10:51:25","modified_gmt":"2025-01-17T09:51:25","slug":"balata-dei-turchi-a-pantelleria-il-fascino-selvaggio-di-un-mare-incontaminato","status":"publish","type":"post","link":"https:\/\/www.ildammuso.com\/it\/balata-dei-turchi-a-pantelleria-il-fascino-selvaggio-di-un-mare-incontaminato\/","title":{"rendered":"Balata dei Turchi a Pantelleria: il fascino selvaggio di un mare incontaminato"},"content":{"rendered":"\n<p>Ho fatto il bagno a mare lo scorso 5 gennaio e la mia pelle friggeva tutta.<br>Dopo cinque minuti il disagio era passato.<br>Due possibilit\u00e0: avevo perso la sensibilit\u00e0 in tutta la superficie del corpo o ero gi\u00e0 in ipotermia.<\/p>\n\n\n\n<p>Quando arrivo a maggio a Pantelleria mi viene la stessa smania.<br>Anche se soffia ancora quel maestrale che fa a fettine gli arti e il naso io devo andare a fare il bagno.<br><br>Il luogo d\u2019elezione \u00e8 Balata dei Turchi: se ha piovuto di recente lo spasso inizia nel fare la discesa in auto. Mi diverto a farla di controsterzo, scivolo piano sul terreno morbido, mi fermo a guardare tra le fronde ancora verdi l\u2019azzurro del mare.<br>\u00c8 compatto, non ancora punteggiato da barche e gommoni.<br>Lascio la macchina un po&#8217; in alto perch\u00e9 mi piace camminare e avvicinarmi lentamente, intravedere prim\u2019ancora di vedere.<br>E vi giuro, il mio cuore batte fortissimo (e non \u00e8 fiatone) ma l\u2019emozione per una visione nota che, per\u00f2, percepisco come sorprendente e inaspettata.<br>Ad ogni passo, mentre le suole pattinano e io rischio di finire col fondoschiena sul terreno, provo la stessa sensazione di quando sei l\u00ec l\u00ec per rivedere qualcuno che non vedi da molto e ti manca da tanto.<br>E poi arriva la distesa di roccia che \u201cscivola\u201d fino al mare.<br>A sinistra la roccia scende dritta fino al blu, pi\u00f9 in fondo vedo la pozza con gli scogli affioranti, mentre &nbsp;a destra il mio sguardo incrocia la baia verde smeraldo.<br><br>Arrivo allo scoglio di \u201clancio\u201d che ho lasciato i vestiti \u201cpersi\u201d e arresi lungo il percorso.<br>La pietra mi attende, quella alla destra del gancio e della corda di risalita.<br>Non aspetto, se attendessi non lo farei.<br>Mi tuffo.<br>Per un attimo, mentre riemergo, mi manca il respiro.<br>Poi comincio a nuotare.<br>Ed \u00e8 in questo preciso momento che i miei sensi sono tutti in una specie di gioiosa allerta.<br>Qualche bracciata ch\u00e9 di pi\u00f9 non si pu\u00f2, allora sollevo il capo dall\u2019acqua, sposto i capelli dal viso e alzo la sguardo<br>\u00c8 in quel momento che \u201csento\u201d che tutto ci\u00f2 che mi serve \u00e8 esattamente attorno a me.<br>E che io sono nel MIO POSTO.<\/p>\n","protected":false},"excerpt":{"rendered":"<p>Ho fatto il bagno a mare lo scorso 5 gennaio [&hellip;]<\/p>\n","protected":false},"author":3,"featured_media":26721,"comment_status":"closed","ping_status":"closed","sticky":false,"template":"","format":"standard","meta":{"_acf_changed":false,"footnotes":""},"categories":[441],"tags":[1564,1565,1461,1409,933,858,808,228,92,233,96,91],"class_list":["post-26720","post","type-post","status-publish","format-standard","has-post-thumbnail","hentry","category-pippe","tag-diving","tag-sguardo","tag-islandlife","tag-scogliera-2","tag-hiking","tag-island-2","tag-balatadeiturchi","tag-ildammuso","tag-isola","tag-maestrale","tag-mare","tag-pantelleria"],"acf":[],"yoast_head":"<!-- This site is optimized with the Yoast SEO plugin v27.5 - https:\/\/yoast.com\/product\/yoast-seo-wordpress\/ -->\n<title>Balata dei Turchi a Pantelleria: il fascino selvaggio di un mare incontaminato | Il Dammuso<\/title>\n<meta name=\"description\" content=\"&quot;Balata dei Turchi a Pantelleria: il fascino selvaggio di un mare incontaminato&quot;: leggi l&#039;articolo completo nel blog de Il Dammuso!\" \/>\n<meta name=\"robots\" content=\"index, follow, max-snippet:-1, max-image-preview:large, max-video-preview:-1\" \/>\n<link rel=\"canonical\" href=\"https:\/\/www.ildammuso.com\/it\/balata-dei-turchi-a-pantelleria-il-fascino-selvaggio-di-un-mare-incontaminato\/\" \/>\n<meta property=\"og:locale\" content=\"it_IT\" \/>\n<meta property=\"og:type\" content=\"article\" \/>\n<meta property=\"og:title\" content=\"Balata dei Turchi a Pantelleria: il fascino selvaggio di un mare incontaminato | Il Dammuso\" \/>\n<meta property=\"og:description\" content=\"&quot;Balata dei Turchi a Pantelleria: il fascino selvaggio di un mare incontaminato&quot;: leggi l&#039;articolo completo nel blog de Il Dammuso!\" \/>\n<meta property=\"og:url\" content=\"https:\/\/www.ildammuso.com\/it\/balata-dei-turchi-a-pantelleria-il-fascino-selvaggio-di-un-mare-incontaminato\/\" \/>\n<meta property=\"og:site_name\" content=\"Il Dammuso\" \/>\n<meta property=\"article:publisher\" content=\"https:\/\/www.facebook.com\/ildammusodipantelleria\/\" \/>\n<meta property=\"article:published_time\" content=\"2025-01-17T09:51:19+00:00\" \/>\n<meta property=\"article:modified_time\" content=\"2025-01-17T09:51:25+00:00\" \/>\n<meta property=\"og:image\" content=\"https:\/\/storage1254.cdn-immedia.net\/wp-content\/uploads\/2025\/01\/maggio-balata.jpg\" \/>\n\t<meta property=\"og:image:width\" content=\"1280\" \/>\n\t<meta property=\"og:image:height\" content=\"960\" \/>\n\t<meta property=\"og:image:type\" content=\"image\/jpeg\" \/>\n<meta name=\"author\" content=\"claudia\" \/>\n<meta name=\"twitter:card\" content=\"summary_large_image\" \/>\n<meta name=\"twitter:label1\" content=\"Scritto da\" \/>\n\t<meta name=\"twitter:data1\" content=\"claudia\" \/>\n\t<meta name=\"twitter:label2\" content=\"Tempo di lettura stimato\" \/>\n\t<meta name=\"twitter:data2\" content=\"3 minuti\" \/>\n<script type=\"application\/ld+json\" class=\"yoast-schema-graph\">{\"@context\":\"https:\\\/\\\/schema.org\",\"@graph\":[{\"@type\":\"Article\",\"@id\":\"https:\\\/\\\/www.ildammuso.com\\\/it\\\/balata-dei-turchi-a-pantelleria-il-fascino-selvaggio-di-un-mare-incontaminato\\\/#article\",\"isPartOf\":{\"@id\":\"https:\\\/\\\/www.ildammuso.com\\\/it\\\/balata-dei-turchi-a-pantelleria-il-fascino-selvaggio-di-un-mare-incontaminato\\\/\"},\"author\":{\"name\":\"claudia\",\"@id\":\"https:\\\/\\\/www.ildammuso.com\\\/it\\\/#\\\/schema\\\/person\\\/a97bc2634c1ae772b6efbb07fef2b3a8\"},\"headline\":\"Balata dei Turchi a Pantelleria: il fascino selvaggio di un mare incontaminato\",\"datePublished\":\"2025-01-17T09:51:19+00:00\",\"dateModified\":\"2025-01-17T09:51:25+00:00\",\"mainEntityOfPage\":{\"@id\":\"https:\\\/\\\/www.ildammuso.com\\\/it\\\/balata-dei-turchi-a-pantelleria-il-fascino-selvaggio-di-un-mare-incontaminato\\\/\"},\"wordCount\":376,\"publisher\":{\"@id\":\"https:\\\/\\\/www.ildammuso.com\\\/it\\\/#organization\"},\"image\":{\"@id\":\"https:\\\/\\\/www.ildammuso.com\\\/it\\\/balata-dei-turchi-a-pantelleria-il-fascino-selvaggio-di-un-mare-incontaminato\\\/#primaryimage\"},\"thumbnailUrl\":\"https:\\\/\\\/www.ildammuso.com\\\/wp-content\\\/uploads\\\/2025\\\/01\\\/maggio-balata.jpg\",\"keywords\":[\"diving\",\"sguardo\",\"islandlife\",\"scogliera\",\"hiking\",\"island\",\"balatadeiturchi\",\"ildammuso\",\"isola\",\"maestrale\",\"mare\",\"pantelleria\"],\"articleSection\":[\"Pippe d'altura\"],\"inLanguage\":\"it-IT\"},{\"@type\":\"WebPage\",\"@id\":\"https:\\\/\\\/www.ildammuso.com\\\/it\\\/balata-dei-turchi-a-pantelleria-il-fascino-selvaggio-di-un-mare-incontaminato\\\/\",\"url\":\"https:\\\/\\\/www.ildammuso.com\\\/it\\\/balata-dei-turchi-a-pantelleria-il-fascino-selvaggio-di-un-mare-incontaminato\\\/\",\"name\":\"Balata dei Turchi a Pantelleria: il fascino selvaggio di un mare incontaminato | Il Dammuso\",\"isPartOf\":{\"@id\":\"https:\\\/\\\/www.ildammuso.com\\\/it\\\/#website\"},\"primaryImageOfPage\":{\"@id\":\"https:\\\/\\\/www.ildammuso.com\\\/it\\\/balata-dei-turchi-a-pantelleria-il-fascino-selvaggio-di-un-mare-incontaminato\\\/#primaryimage\"},\"image\":{\"@id\":\"https:\\\/\\\/www.ildammuso.com\\\/it\\\/balata-dei-turchi-a-pantelleria-il-fascino-selvaggio-di-un-mare-incontaminato\\\/#primaryimage\"},\"thumbnailUrl\":\"https:\\\/\\\/www.ildammuso.com\\\/wp-content\\\/uploads\\\/2025\\\/01\\\/maggio-balata.jpg\",\"datePublished\":\"2025-01-17T09:51:19+00:00\",\"dateModified\":\"2025-01-17T09:51:25+00:00\",\"description\":\"\\\"Balata dei Turchi a Pantelleria: il fascino selvaggio di un mare incontaminato\\\": leggi l'articolo completo nel blog de Il Dammuso!\",\"breadcrumb\":{\"@id\":\"https:\\\/\\\/www.ildammuso.com\\\/it\\\/balata-dei-turchi-a-pantelleria-il-fascino-selvaggio-di-un-mare-incontaminato\\\/#breadcrumb\"},\"inLanguage\":\"it-IT\",\"potentialAction\":[{\"@type\":\"ReadAction\",\"target\":[\"https:\\\/\\\/www.ildammuso.com\\\/it\\\/balata-dei-turchi-a-pantelleria-il-fascino-selvaggio-di-un-mare-incontaminato\\\/\"]}]},{\"@type\":\"ImageObject\",\"inLanguage\":\"it-IT\",\"@id\":\"https:\\\/\\\/www.ildammuso.com\\\/it\\\/balata-dei-turchi-a-pantelleria-il-fascino-selvaggio-di-un-mare-incontaminato\\\/#primaryimage\",\"url\":\"https:\\\/\\\/www.ildammuso.com\\\/wp-content\\\/uploads\\\/2025\\\/01\\\/maggio-balata.jpg\",\"contentUrl\":\"https:\\\/\\\/www.ildammuso.com\\\/wp-content\\\/uploads\\\/2025\\\/01\\\/maggio-balata.jpg\",\"width\":1280,\"height\":960,\"caption\":\"dammusi pantelleria\"},{\"@type\":\"BreadcrumbList\",\"@id\":\"https:\\\/\\\/www.ildammuso.com\\\/it\\\/balata-dei-turchi-a-pantelleria-il-fascino-selvaggio-di-un-mare-incontaminato\\\/#breadcrumb\",\"itemListElement\":[{\"@type\":\"ListItem\",\"position\":1,\"name\":\"Home\",\"item\":\"https:\\\/\\\/www.ildammuso.com\\\/it\\\/\"},{\"@type\":\"ListItem\",\"position\":2,\"name\":\"&nbsp;\"}]},{\"@type\":\"WebSite\",\"@id\":\"https:\\\/\\\/www.ildammuso.com\\\/it\\\/#website\",\"url\":\"https:\\\/\\\/www.ildammuso.com\\\/it\\\/\",\"name\":\"Il Dammuso\",\"description\":\"Il tuo Dammuso a Pantelleria\",\"publisher\":{\"@id\":\"https:\\\/\\\/www.ildammuso.com\\\/it\\\/#organization\"},\"potentialAction\":[{\"@type\":\"SearchAction\",\"target\":{\"@type\":\"EntryPoint\",\"urlTemplate\":\"https:\\\/\\\/www.ildammuso.com\\\/it\\\/?s={search_term_string}\"},\"query-input\":{\"@type\":\"PropertyValueSpecification\",\"valueRequired\":true,\"valueName\":\"search_term_string\"}}],\"inLanguage\":\"it-IT\"},{\"@type\":\"Organization\",\"@id\":\"https:\\\/\\\/www.ildammuso.com\\\/it\\\/#organization\",\"name\":\"Il Dammuso\",\"url\":\"https:\\\/\\\/www.ildammuso.com\\\/it\\\/\",\"logo\":{\"@type\":\"ImageObject\",\"inLanguage\":\"it-IT\",\"@id\":\"https:\\\/\\\/www.ildammuso.com\\\/it\\\/#\\\/schema\\\/logo\\\/image\\\/\",\"url\":\"https:\\\/\\\/www.ildammuso.com\\\/wp-content\\\/uploads\\\/2022\\\/06\\\/logo-ildammuso.jpg\",\"contentUrl\":\"https:\\\/\\\/www.ildammuso.com\\\/wp-content\\\/uploads\\\/2022\\\/06\\\/logo-ildammuso.jpg\",\"width\":426,\"height\":395,\"caption\":\"Il Dammuso\"},\"image\":{\"@id\":\"https:\\\/\\\/www.ildammuso.com\\\/it\\\/#\\\/schema\\\/logo\\\/image\\\/\"},\"sameAs\":[\"https:\\\/\\\/www.facebook.com\\\/ildammusodipantelleria\\\/\",\"https:\\\/\\\/www.instagram.com\\\/ildammusogram\\\/\"]},{\"@type\":\"Person\",\"@id\":\"https:\\\/\\\/www.ildammuso.com\\\/it\\\/#\\\/schema\\\/person\\\/a97bc2634c1ae772b6efbb07fef2b3a8\",\"name\":\"claudia\",\"image\":{\"@type\":\"ImageObject\",\"inLanguage\":\"it-IT\",\"@id\":\"https:\\\/\\\/secure.gravatar.com\\\/avatar\\\/bfa9e85032faeaffeaaafd48c7c09ad8da852ff133d8361db8721aff28093ebe?s=96&d=mm&r=g\",\"url\":\"https:\\\/\\\/secure.gravatar.com\\\/avatar\\\/bfa9e85032faeaffeaaafd48c7c09ad8da852ff133d8361db8721aff28093ebe?s=96&d=mm&r=g\",\"contentUrl\":\"https:\\\/\\\/secure.gravatar.com\\\/avatar\\\/bfa9e85032faeaffeaaafd48c7c09ad8da852ff133d8361db8721aff28093ebe?s=96&d=mm&r=g\",\"caption\":\"claudia\"}}]}<\/script>\n<!-- \/ Yoast SEO plugin. -->","yoast_head_json":{"title":"Balata dei Turchi a Pantelleria: il fascino selvaggio di un mare incontaminato | Il Dammuso","description":"\"Balata dei Turchi a Pantelleria: il fascino selvaggio di un mare incontaminato\": leggi l'articolo completo nel blog de Il Dammuso!","robots":{"index":"index","follow":"follow","max-snippet":"max-snippet:-1","max-image-preview":"max-image-preview:large","max-video-preview":"max-video-preview:-1"},"canonical":"https:\/\/www.ildammuso.com\/it\/balata-dei-turchi-a-pantelleria-il-fascino-selvaggio-di-un-mare-incontaminato\/","og_locale":"it_IT","og_type":"article","og_title":"Balata dei Turchi a Pantelleria: il fascino selvaggio di un mare incontaminato | Il Dammuso","og_description":"\"Balata dei Turchi a Pantelleria: il fascino selvaggio di un mare incontaminato\": leggi l'articolo completo nel blog de Il Dammuso!","og_url":"https:\/\/www.ildammuso.com\/it\/balata-dei-turchi-a-pantelleria-il-fascino-selvaggio-di-un-mare-incontaminato\/","og_site_name":"Il Dammuso","article_publisher":"https:\/\/www.facebook.com\/ildammusodipantelleria\/","article_published_time":"2025-01-17T09:51:19+00:00","article_modified_time":"2025-01-17T09:51:25+00:00","og_image":[{"width":1280,"height":960,"url":"https:\/\/storage1254.cdn-immedia.net\/wp-content\/uploads\/2025\/01\/maggio-balata.jpg","type":"image\/jpeg"}],"author":"claudia","twitter_card":"summary_large_image","twitter_misc":{"Scritto da":"claudia","Tempo di lettura stimato":"3 minuti"},"schema":{"@context":"https:\/\/schema.org","@graph":[{"@type":"Article","@id":"https:\/\/www.ildammuso.com\/it\/balata-dei-turchi-a-pantelleria-il-fascino-selvaggio-di-un-mare-incontaminato\/#article","isPartOf":{"@id":"https:\/\/www.ildammuso.com\/it\/balata-dei-turchi-a-pantelleria-il-fascino-selvaggio-di-un-mare-incontaminato\/"},"author":{"name":"claudia","@id":"https:\/\/www.ildammuso.com\/it\/#\/schema\/person\/a97bc2634c1ae772b6efbb07fef2b3a8"},"headline":"Balata dei Turchi a Pantelleria: il fascino selvaggio di un mare incontaminato","datePublished":"2025-01-17T09:51:19+00:00","dateModified":"2025-01-17T09:51:25+00:00","mainEntityOfPage":{"@id":"https:\/\/www.ildammuso.com\/it\/balata-dei-turchi-a-pantelleria-il-fascino-selvaggio-di-un-mare-incontaminato\/"},"wordCount":376,"publisher":{"@id":"https:\/\/www.ildammuso.com\/it\/#organization"},"image":{"@id":"https:\/\/www.ildammuso.com\/it\/balata-dei-turchi-a-pantelleria-il-fascino-selvaggio-di-un-mare-incontaminato\/#primaryimage"},"thumbnailUrl":"https:\/\/storage1254.cdn-immedia.net\/wp-content\/uploads\/2025\/01\/maggio-balata.jpg","keywords":["diving","sguardo","islandlife","scogliera","hiking","island","balatadeiturchi","ildammuso","isola","maestrale","mare","pantelleria"],"articleSection":["Pippe d'altura"],"inLanguage":"it-IT"},{"@type":"WebPage","@id":"https:\/\/www.ildammuso.com\/it\/balata-dei-turchi-a-pantelleria-il-fascino-selvaggio-di-un-mare-incontaminato\/","url":"https:\/\/www.ildammuso.com\/it\/balata-dei-turchi-a-pantelleria-il-fascino-selvaggio-di-un-mare-incontaminato\/","name":"Balata dei Turchi a Pantelleria: il fascino selvaggio di un mare incontaminato | Il Dammuso","isPartOf":{"@id":"https:\/\/www.ildammuso.com\/it\/#website"},"primaryImageOfPage":{"@id":"https:\/\/www.ildammuso.com\/it\/balata-dei-turchi-a-pantelleria-il-fascino-selvaggio-di-un-mare-incontaminato\/#primaryimage"},"image":{"@id":"https:\/\/www.ildammuso.com\/it\/balata-dei-turchi-a-pantelleria-il-fascino-selvaggio-di-un-mare-incontaminato\/#primaryimage"},"thumbnailUrl":"https:\/\/storage1254.cdn-immedia.net\/wp-content\/uploads\/2025\/01\/maggio-balata.jpg","datePublished":"2025-01-17T09:51:19+00:00","dateModified":"2025-01-17T09:51:25+00:00","description":"\"Balata dei Turchi a Pantelleria: il fascino selvaggio di un mare incontaminato\": leggi l'articolo completo nel blog de Il Dammuso!","breadcrumb":{"@id":"https:\/\/www.ildammuso.com\/it\/balata-dei-turchi-a-pantelleria-il-fascino-selvaggio-di-un-mare-incontaminato\/#breadcrumb"},"inLanguage":"it-IT","potentialAction":[{"@type":"ReadAction","target":["https:\/\/www.ildammuso.com\/it\/balata-dei-turchi-a-pantelleria-il-fascino-selvaggio-di-un-mare-incontaminato\/"]}]},{"@type":"ImageObject","inLanguage":"it-IT","@id":"https:\/\/www.ildammuso.com\/it\/balata-dei-turchi-a-pantelleria-il-fascino-selvaggio-di-un-mare-incontaminato\/#primaryimage","url":"https:\/\/storage1254.cdn-immedia.net\/wp-content\/uploads\/2025\/01\/maggio-balata.jpg","contentUrl":"https:\/\/storage1254.cdn-immedia.net\/wp-content\/uploads\/2025\/01\/maggio-balata.jpg","width":1280,"height":960,"caption":"dammusi pantelleria"},{"@type":"BreadcrumbList","@id":"https:\/\/www.ildammuso.com\/it\/balata-dei-turchi-a-pantelleria-il-fascino-selvaggio-di-un-mare-incontaminato\/#breadcrumb","itemListElement":[{"@type":"ListItem","position":1,"name":"Home","item":"https:\/\/www.ildammuso.com\/it\/"},{"@type":"ListItem","position":2,"name":"&nbsp;"}]},{"@type":"WebSite","@id":"https:\/\/www.ildammuso.com\/it\/#website","url":"https:\/\/www.ildammuso.com\/it\/","name":"Il Dammuso","description":"Il tuo Dammuso a Pantelleria","publisher":{"@id":"https:\/\/www.ildammuso.com\/it\/#organization"},"potentialAction":[{"@type":"SearchAction","target":{"@type":"EntryPoint","urlTemplate":"https:\/\/www.ildammuso.com\/it\/?s={search_term_string}"},"query-input":{"@type":"PropertyValueSpecification","valueRequired":true,"valueName":"search_term_string"}}],"inLanguage":"it-IT"},{"@type":"Organization","@id":"https:\/\/www.ildammuso.com\/it\/#organization","name":"Il Dammuso","url":"https:\/\/www.ildammuso.com\/it\/","logo":{"@type":"ImageObject","inLanguage":"it-IT","@id":"https:\/\/www.ildammuso.com\/it\/#\/schema\/logo\/image\/","url":"https:\/\/storage1254.cdn-immedia.net\/wp-content\/uploads\/2022\/06\/logo-ildammuso.jpg","contentUrl":"https:\/\/storage1254.cdn-immedia.net\/wp-content\/uploads\/2022\/06\/logo-ildammuso.jpg","width":426,"height":395,"caption":"Il Dammuso"},"image":{"@id":"https:\/\/www.ildammuso.com\/it\/#\/schema\/logo\/image\/"},"sameAs":["https:\/\/www.facebook.com\/ildammusodipantelleria\/","https:\/\/www.instagram.com\/ildammusogram\/"]},{"@type":"Person","@id":"https:\/\/www.ildammuso.com\/it\/#\/schema\/person\/a97bc2634c1ae772b6efbb07fef2b3a8","name":"claudia","image":{"@type":"ImageObject","inLanguage":"it-IT","@id":"https:\/\/secure.gravatar.com\/avatar\/bfa9e85032faeaffeaaafd48c7c09ad8da852ff133d8361db8721aff28093ebe?s=96&d=mm&r=g","url":"https:\/\/secure.gravatar.com\/avatar\/bfa9e85032faeaffeaaafd48c7c09ad8da852ff133d8361db8721aff28093ebe?s=96&d=mm&r=g","contentUrl":"https:\/\/secure.gravatar.com\/avatar\/bfa9e85032faeaffeaaafd48c7c09ad8da852ff133d8361db8721aff28093ebe?s=96&d=mm&r=g","caption":"claudia"}}]}},"_links":{"self":[{"href":"https:\/\/www.ildammuso.com\/it\/wp-json\/wp\/v2\/posts\/26720","targetHints":{"allow":["GET"]}}],"collection":[{"href":"https:\/\/www.ildammuso.com\/it\/wp-json\/wp\/v2\/posts"}],"about":[{"href":"https:\/\/www.ildammuso.com\/it\/wp-json\/wp\/v2\/types\/post"}],"author":[{"embeddable":true,"href":"https:\/\/www.ildammuso.com\/it\/wp-json\/wp\/v2\/users\/3"}],"replies":[{"embeddable":true,"href":"https:\/\/www.ildammuso.com\/it\/wp-json\/wp\/v2\/comments?post=26720"}],"version-history":[{"count":1,"href":"https:\/\/www.ildammuso.com\/it\/wp-json\/wp\/v2\/posts\/26720\/revisions"}],"predecessor-version":[{"id":26723,"href":"https:\/\/www.ildammuso.com\/it\/wp-json\/wp\/v2\/posts\/26720\/revisions\/26723"}],"wp:featuredmedia":[{"embeddable":true,"href":"https:\/\/www.ildammuso.com\/it\/wp-json\/wp\/v2\/media\/26721"}],"wp:attachment":[{"href":"https:\/\/www.ildammuso.com\/it\/wp-json\/wp\/v2\/media?parent=26720"}],"wp:term":[{"taxonomy":"category","embeddable":true,"href":"https:\/\/www.ildammuso.com\/it\/wp-json\/wp\/v2\/categories?post=26720"},{"taxonomy":"post_tag","embeddable":true,"href":"https:\/\/www.ildammuso.com\/it\/wp-json\/wp\/v2\/tags?post=26720"}],"curies":[{"name":"wp","href":"https:\/\/api.w.org\/{rel}","templated":true}]}}