{"id":26822,"date":"2025-01-24T11:05:09","date_gmt":"2025-01-24T10:05:09","guid":{"rendered":"https:\/\/www.ildammuso.com\/?p=26822"},"modified":"2025-01-24T11:05:13","modified_gmt":"2025-01-24T10:05:13","slug":"pantelleria-lisola-dei-contrasti-tra-verde-mare-e-silenzio-un-racconto-di-scoperte-e-meraviglie","status":"publish","type":"post","link":"https:\/\/www.ildammuso.com\/it\/pantelleria-lisola-dei-contrasti-tra-verde-mare-e-silenzio-un-racconto-di-scoperte-e-meraviglie\/","title":{"rendered":"Pantelleria: l&#8217;isola dei contrasti tra verde, mare e silenzio &#8211; Un Racconto di scoperte e meraviglie"},"content":{"rendered":"\n<p>\u00c8 solo una foto.<br>\u00c8 SOLO UNA FOTO?<\/p>\n\n\n\n<p>Non \u00e8 semplicemente il risultato di una immagine percepita da un occhio e catturata da un clic.<br>\u00c8 il risultato di una visione che, sebbene abituata alla bellezza di Pantelleria, riesce ancora a coglierne la pienezza e il \u201cmovimento\u201d.<br>Vi sembra questa una foto statica?<br>Io riesco a respirare l\u2019aria frizzante, sento il profumo dell\u2019erba umida, il calore del sole che viene e che va.<br><br>Pantelleria.<br>Per chi non la conoscesse ha ottantaquattro chilometri quadrati di suolo.<br>Dista dall\u2019Africa appena trentotto miglia nautiche, \u00e8 pi\u00f9 vicina a quel continente che al nostro.<br>E io credo che chi non la conosce possa difficilmente immaginare quanto questa isola sia distante dal \u201cnostro\u201d mondo come dalla Tunisia, sia in termini di vita che in termini paesaggistici.<br><br>Pantelleria.<br>\u00c8 tutto il verde che conosco.<br>\u00c8 il sentiero che sale, torcendosi come una biscia, lungo una via che porta in cima ad una Montagna.<br>\u00c8 un percorso, che procede veloce e sicuro (in una discesa fatta di sabbia, balzelli, ciottoli e aguzze scaglie di ossidiana) verso il mare.<br>\u00c8 il riccio attaccato allo scoglio, la patella che viene battuta dall\u2019onda, il granchio che fa capolino nella roccia, \u00e8 la bavosa che si rintana nel buco non appena il tuo piede entra nella pozza.<br><br><\/p>\n\n\n\n<p>Pantelleria.<br>\u00c8 quel verde a scontornare i muretti a secco.<br>\u00c8 quella montagna laggi\u00f9 (proprio quella che vedete in foto), quella che sembra contesa tra terra cielo e mare.<br>\u00c8 un\u2019isola a colori.<br>Troneggia, enfatica, affondata dentro il canale di Sicilia.<br>Sembra stia l\u00ec a guardare passare le correnti.<br>Sembra sia ferma e intenta ad ascoltare il sibilo del vento.<br>Sembra tutto quello che osiamo immaginare.<br><br>A me sembra che pochi la conoscano veramente, me compresa.<br>Ancora di pi\u00f9 io penso che pochissimi l\u2019abbiano capita.<br>Chi ama ancora sorprendersi venga a sporgersi dai terrazzamenti di quest\u2019isola, venga a respirare gli odori di Pantelleria.<br>Sar\u00e0 lei a dirvi dove, come e quando.<br>Sono secoli che fa da guida a se stessa.<\/p>\n\n\n\n<p>La foto \u00e8 di Barbara Monteleone<\/p>\n","protected":false},"excerpt":{"rendered":"<p>\u00c8 solo una foto.\u00c8 SOLO UNA FOTO? Non \u00e8 semplicemente [&hellip;]<\/p>\n","protected":false},"author":3,"featured_media":26823,"comment_status":"closed","ping_status":"closed","sticky":false,"template":"","format":"standard","meta":{"_acf_changed":false,"footnotes":""},"categories":[446],"tags":[1567,1572,1566,1568,1569,1570,1571,1490,1488,1102,1029,931,303,744,228,92,96,130,61,91,760,124],"class_list":["post-26822","post","type-post","status-publish","format-standard","has-post-thumbnail","hentry","category-pantelleria-lisola","tag-pics-2","tag-profumi","tag-foto","tag-biscia","tag-granchio","tag-africa-tunisia","tag-mondi","tag-immagini","tag-scoperta","tag-strade","tag-silenzio","tag-odori","tag-bellezza","tag-cielo","tag-ildammuso","tag-isola","tag-mare","tag-montagna","tag-nuvole","tag-pantelleria","tag-sole","tag-verde"],"acf":[],"yoast_head":"<!-- This site is optimized with the Yoast SEO plugin v27.4 - https:\/\/yoast.com\/product\/yoast-seo-wordpress\/ -->\n<title>Pantelleria: l&#039;isola dei contrasti tra verde, mare e silenzio - Un Racconto di scoperte e meraviglie | Il Dammuso<\/title>\n<meta name=\"description\" content=\"&quot;Pantelleria: l&#039;isola dei contrasti tra verde, mare e silenzio&quot;: leggi l&#039;articolo completo nel blog de Il Dammuso!\" \/>\n<meta name=\"robots\" content=\"index, follow, max-snippet:-1, max-image-preview:large, max-video-preview:-1\" \/>\n<link rel=\"canonical\" href=\"https:\/\/www.ildammuso.com\/it\/pantelleria-lisola-dei-contrasti-tra-verde-mare-e-silenzio-un-racconto-di-scoperte-e-meraviglie\/\" \/>\n<meta property=\"og:locale\" content=\"it_IT\" \/>\n<meta property=\"og:type\" content=\"article\" \/>\n<meta property=\"og:title\" content=\"Pantelleria: l&#039;isola dei contrasti tra verde, mare e silenzio - Un Racconto di scoperte e meraviglie | Il Dammuso\" \/>\n<meta property=\"og:description\" content=\"&quot;Pantelleria: l&#039;isola dei contrasti tra verde, mare e silenzio&quot;: leggi l&#039;articolo completo nel blog de Il Dammuso!\" \/>\n<meta property=\"og:url\" content=\"https:\/\/www.ildammuso.com\/it\/pantelleria-lisola-dei-contrasti-tra-verde-mare-e-silenzio-un-racconto-di-scoperte-e-meraviglie\/\" \/>\n<meta property=\"og:site_name\" content=\"Il Dammuso\" \/>\n<meta property=\"article:publisher\" content=\"https:\/\/www.facebook.com\/ildammusodipantelleria\/\" \/>\n<meta property=\"article:published_time\" content=\"2025-01-24T10:05:09+00:00\" \/>\n<meta property=\"article:modified_time\" content=\"2025-01-24T10:05:13+00:00\" \/>\n<meta property=\"og:image\" content=\"https:\/\/storage1254.cdn-immedia.net\/wp-content\/uploads\/2025\/01\/Piana_Barbara.jpg\" \/>\n\t<meta property=\"og:image:width\" content=\"1200\" \/>\n\t<meta property=\"og:image:height\" content=\"1600\" \/>\n\t<meta property=\"og:image:type\" content=\"image\/jpeg\" \/>\n<meta name=\"author\" content=\"claudia\" \/>\n<meta name=\"twitter:card\" content=\"summary_large_image\" \/>\n<meta name=\"twitter:label1\" content=\"Scritto da\" \/>\n\t<meta name=\"twitter:data1\" content=\"claudia\" \/>\n\t<meta name=\"twitter:label2\" content=\"Tempo di lettura stimato\" \/>\n\t<meta name=\"twitter:data2\" content=\"3 minuti\" \/>\n<script type=\"application\/ld+json\" class=\"yoast-schema-graph\">{\"@context\":\"https:\\\/\\\/schema.org\",\"@graph\":[{\"@type\":\"Article\",\"@id\":\"https:\\\/\\\/www.ildammuso.com\\\/it\\\/pantelleria-lisola-dei-contrasti-tra-verde-mare-e-silenzio-un-racconto-di-scoperte-e-meraviglie\\\/#article\",\"isPartOf\":{\"@id\":\"https:\\\/\\\/www.ildammuso.com\\\/it\\\/pantelleria-lisola-dei-contrasti-tra-verde-mare-e-silenzio-un-racconto-di-scoperte-e-meraviglie\\\/\"},\"author\":{\"name\":\"claudia\",\"@id\":\"https:\\\/\\\/www.ildammuso.com\\\/it\\\/#\\\/schema\\\/person\\\/a97bc2634c1ae772b6efbb07fef2b3a8\"},\"headline\":\"Pantelleria: l&#8217;isola dei contrasti tra verde, mare e silenzio &#8211; Un Racconto di scoperte e meraviglie\",\"datePublished\":\"2025-01-24T10:05:09+00:00\",\"dateModified\":\"2025-01-24T10:05:13+00:00\",\"mainEntityOfPage\":{\"@id\":\"https:\\\/\\\/www.ildammuso.com\\\/it\\\/pantelleria-lisola-dei-contrasti-tra-verde-mare-e-silenzio-un-racconto-di-scoperte-e-meraviglie\\\/\"},\"wordCount\":352,\"publisher\":{\"@id\":\"https:\\\/\\\/www.ildammuso.com\\\/it\\\/#organization\"},\"image\":{\"@id\":\"https:\\\/\\\/www.ildammuso.com\\\/it\\\/pantelleria-lisola-dei-contrasti-tra-verde-mare-e-silenzio-un-racconto-di-scoperte-e-meraviglie\\\/#primaryimage\"},\"thumbnailUrl\":\"https:\\\/\\\/www.ildammuso.com\\\/wp-content\\\/uploads\\\/2025\\\/01\\\/Piana_Barbara.jpg\",\"keywords\":[\"pics\",\"profumi\",\"foto\",\"biscia\",\"granchio\",\"Africa Tunisia\",\"mondi\",\"immagini\",\"scoperta\",\"strade\",\"silenzio\",\"odori\",\"bellezza\",\"cielo\",\"ildammuso\",\"isola\",\"mare\",\"montagna\",\"nuvole\",\"pantelleria\",\"sole\",\"verde\"],\"articleSection\":[\"Pantelleria, l'isola\"],\"inLanguage\":\"it-IT\"},{\"@type\":\"WebPage\",\"@id\":\"https:\\\/\\\/www.ildammuso.com\\\/it\\\/pantelleria-lisola-dei-contrasti-tra-verde-mare-e-silenzio-un-racconto-di-scoperte-e-meraviglie\\\/\",\"url\":\"https:\\\/\\\/www.ildammuso.com\\\/it\\\/pantelleria-lisola-dei-contrasti-tra-verde-mare-e-silenzio-un-racconto-di-scoperte-e-meraviglie\\\/\",\"name\":\"Pantelleria: l'isola dei contrasti tra verde, mare e silenzio - Un Racconto di scoperte e meraviglie | Il Dammuso\",\"isPartOf\":{\"@id\":\"https:\\\/\\\/www.ildammuso.com\\\/it\\\/#website\"},\"primaryImageOfPage\":{\"@id\":\"https:\\\/\\\/www.ildammuso.com\\\/it\\\/pantelleria-lisola-dei-contrasti-tra-verde-mare-e-silenzio-un-racconto-di-scoperte-e-meraviglie\\\/#primaryimage\"},\"image\":{\"@id\":\"https:\\\/\\\/www.ildammuso.com\\\/it\\\/pantelleria-lisola-dei-contrasti-tra-verde-mare-e-silenzio-un-racconto-di-scoperte-e-meraviglie\\\/#primaryimage\"},\"thumbnailUrl\":\"https:\\\/\\\/www.ildammuso.com\\\/wp-content\\\/uploads\\\/2025\\\/01\\\/Piana_Barbara.jpg\",\"datePublished\":\"2025-01-24T10:05:09+00:00\",\"dateModified\":\"2025-01-24T10:05:13+00:00\",\"description\":\"\\\"Pantelleria: l'isola dei contrasti tra verde, mare e silenzio\\\": leggi l'articolo completo nel blog de Il Dammuso!\",\"breadcrumb\":{\"@id\":\"https:\\\/\\\/www.ildammuso.com\\\/it\\\/pantelleria-lisola-dei-contrasti-tra-verde-mare-e-silenzio-un-racconto-di-scoperte-e-meraviglie\\\/#breadcrumb\"},\"inLanguage\":\"it-IT\",\"potentialAction\":[{\"@type\":\"ReadAction\",\"target\":[\"https:\\\/\\\/www.ildammuso.com\\\/it\\\/pantelleria-lisola-dei-contrasti-tra-verde-mare-e-silenzio-un-racconto-di-scoperte-e-meraviglie\\\/\"]}]},{\"@type\":\"ImageObject\",\"inLanguage\":\"it-IT\",\"@id\":\"https:\\\/\\\/www.ildammuso.com\\\/it\\\/pantelleria-lisola-dei-contrasti-tra-verde-mare-e-silenzio-un-racconto-di-scoperte-e-meraviglie\\\/#primaryimage\",\"url\":\"https:\\\/\\\/www.ildammuso.com\\\/wp-content\\\/uploads\\\/2025\\\/01\\\/Piana_Barbara.jpg\",\"contentUrl\":\"https:\\\/\\\/www.ildammuso.com\\\/wp-content\\\/uploads\\\/2025\\\/01\\\/Piana_Barbara.jpg\",\"width\":1200,\"height\":1600},{\"@type\":\"BreadcrumbList\",\"@id\":\"https:\\\/\\\/www.ildammuso.com\\\/it\\\/pantelleria-lisola-dei-contrasti-tra-verde-mare-e-silenzio-un-racconto-di-scoperte-e-meraviglie\\\/#breadcrumb\",\"itemListElement\":[{\"@type\":\"ListItem\",\"position\":1,\"name\":\"Home\",\"item\":\"https:\\\/\\\/www.ildammuso.com\\\/it\\\/\"},{\"@type\":\"ListItem\",\"position\":2,\"name\":\"&nbsp;\"}]},{\"@type\":\"WebSite\",\"@id\":\"https:\\\/\\\/www.ildammuso.com\\\/it\\\/#website\",\"url\":\"https:\\\/\\\/www.ildammuso.com\\\/it\\\/\",\"name\":\"Il Dammuso\",\"description\":\"Il tuo Dammuso a Pantelleria\",\"publisher\":{\"@id\":\"https:\\\/\\\/www.ildammuso.com\\\/it\\\/#organization\"},\"potentialAction\":[{\"@type\":\"SearchAction\",\"target\":{\"@type\":\"EntryPoint\",\"urlTemplate\":\"https:\\\/\\\/www.ildammuso.com\\\/it\\\/?s={search_term_string}\"},\"query-input\":{\"@type\":\"PropertyValueSpecification\",\"valueRequired\":true,\"valueName\":\"search_term_string\"}}],\"inLanguage\":\"it-IT\"},{\"@type\":\"Organization\",\"@id\":\"https:\\\/\\\/www.ildammuso.com\\\/it\\\/#organization\",\"name\":\"Il Dammuso\",\"url\":\"https:\\\/\\\/www.ildammuso.com\\\/it\\\/\",\"logo\":{\"@type\":\"ImageObject\",\"inLanguage\":\"it-IT\",\"@id\":\"https:\\\/\\\/www.ildammuso.com\\\/it\\\/#\\\/schema\\\/logo\\\/image\\\/\",\"url\":\"https:\\\/\\\/www.ildammuso.com\\\/wp-content\\\/uploads\\\/2022\\\/06\\\/logo-ildammuso.jpg\",\"contentUrl\":\"https:\\\/\\\/www.ildammuso.com\\\/wp-content\\\/uploads\\\/2022\\\/06\\\/logo-ildammuso.jpg\",\"width\":426,\"height\":395,\"caption\":\"Il Dammuso\"},\"image\":{\"@id\":\"https:\\\/\\\/www.ildammuso.com\\\/it\\\/#\\\/schema\\\/logo\\\/image\\\/\"},\"sameAs\":[\"https:\\\/\\\/www.facebook.com\\\/ildammusodipantelleria\\\/\",\"https:\\\/\\\/www.instagram.com\\\/ildammusogram\\\/\"]},{\"@type\":\"Person\",\"@id\":\"https:\\\/\\\/www.ildammuso.com\\\/it\\\/#\\\/schema\\\/person\\\/a97bc2634c1ae772b6efbb07fef2b3a8\",\"name\":\"claudia\",\"image\":{\"@type\":\"ImageObject\",\"inLanguage\":\"it-IT\",\"@id\":\"https:\\\/\\\/secure.gravatar.com\\\/avatar\\\/bfa9e85032faeaffeaaafd48c7c09ad8da852ff133d8361db8721aff28093ebe?s=96&d=mm&r=g\",\"url\":\"https:\\\/\\\/secure.gravatar.com\\\/avatar\\\/bfa9e85032faeaffeaaafd48c7c09ad8da852ff133d8361db8721aff28093ebe?s=96&d=mm&r=g\",\"contentUrl\":\"https:\\\/\\\/secure.gravatar.com\\\/avatar\\\/bfa9e85032faeaffeaaafd48c7c09ad8da852ff133d8361db8721aff28093ebe?s=96&d=mm&r=g\",\"caption\":\"claudia\"}}]}<\/script>\n<!-- \/ Yoast SEO plugin. -->","yoast_head_json":{"title":"Pantelleria: l'isola dei contrasti tra verde, mare e silenzio - Un Racconto di scoperte e meraviglie | Il Dammuso","description":"\"Pantelleria: l'isola dei contrasti tra verde, mare e silenzio\": leggi l'articolo completo nel blog de Il Dammuso!","robots":{"index":"index","follow":"follow","max-snippet":"max-snippet:-1","max-image-preview":"max-image-preview:large","max-video-preview":"max-video-preview:-1"},"canonical":"https:\/\/www.ildammuso.com\/it\/pantelleria-lisola-dei-contrasti-tra-verde-mare-e-silenzio-un-racconto-di-scoperte-e-meraviglie\/","og_locale":"it_IT","og_type":"article","og_title":"Pantelleria: l'isola dei contrasti tra verde, mare e silenzio - Un Racconto di scoperte e meraviglie | Il Dammuso","og_description":"\"Pantelleria: l'isola dei contrasti tra verde, mare e silenzio\": leggi l'articolo completo nel blog de Il Dammuso!","og_url":"https:\/\/www.ildammuso.com\/it\/pantelleria-lisola-dei-contrasti-tra-verde-mare-e-silenzio-un-racconto-di-scoperte-e-meraviglie\/","og_site_name":"Il Dammuso","article_publisher":"https:\/\/www.facebook.com\/ildammusodipantelleria\/","article_published_time":"2025-01-24T10:05:09+00:00","article_modified_time":"2025-01-24T10:05:13+00:00","og_image":[{"width":1200,"height":1600,"url":"https:\/\/storage1254.cdn-immedia.net\/wp-content\/uploads\/2025\/01\/Piana_Barbara.jpg","type":"image\/jpeg"}],"author":"claudia","twitter_card":"summary_large_image","twitter_misc":{"Scritto da":"claudia","Tempo di lettura stimato":"3 minuti"},"schema":{"@context":"https:\/\/schema.org","@graph":[{"@type":"Article","@id":"https:\/\/www.ildammuso.com\/it\/pantelleria-lisola-dei-contrasti-tra-verde-mare-e-silenzio-un-racconto-di-scoperte-e-meraviglie\/#article","isPartOf":{"@id":"https:\/\/www.ildammuso.com\/it\/pantelleria-lisola-dei-contrasti-tra-verde-mare-e-silenzio-un-racconto-di-scoperte-e-meraviglie\/"},"author":{"name":"claudia","@id":"https:\/\/www.ildammuso.com\/it\/#\/schema\/person\/a97bc2634c1ae772b6efbb07fef2b3a8"},"headline":"Pantelleria: l&#8217;isola dei contrasti tra verde, mare e silenzio &#8211; Un Racconto di scoperte e meraviglie","datePublished":"2025-01-24T10:05:09+00:00","dateModified":"2025-01-24T10:05:13+00:00","mainEntityOfPage":{"@id":"https:\/\/www.ildammuso.com\/it\/pantelleria-lisola-dei-contrasti-tra-verde-mare-e-silenzio-un-racconto-di-scoperte-e-meraviglie\/"},"wordCount":352,"publisher":{"@id":"https:\/\/www.ildammuso.com\/it\/#organization"},"image":{"@id":"https:\/\/www.ildammuso.com\/it\/pantelleria-lisola-dei-contrasti-tra-verde-mare-e-silenzio-un-racconto-di-scoperte-e-meraviglie\/#primaryimage"},"thumbnailUrl":"https:\/\/storage1254.cdn-immedia.net\/wp-content\/uploads\/2025\/01\/Piana_Barbara.jpg","keywords":["pics","profumi","foto","biscia","granchio","Africa Tunisia","mondi","immagini","scoperta","strade","silenzio","odori","bellezza","cielo","ildammuso","isola","mare","montagna","nuvole","pantelleria","sole","verde"],"articleSection":["Pantelleria, l'isola"],"inLanguage":"it-IT"},{"@type":"WebPage","@id":"https:\/\/www.ildammuso.com\/it\/pantelleria-lisola-dei-contrasti-tra-verde-mare-e-silenzio-un-racconto-di-scoperte-e-meraviglie\/","url":"https:\/\/www.ildammuso.com\/it\/pantelleria-lisola-dei-contrasti-tra-verde-mare-e-silenzio-un-racconto-di-scoperte-e-meraviglie\/","name":"Pantelleria: l'isola dei contrasti tra verde, mare e silenzio - Un Racconto di scoperte e meraviglie | Il Dammuso","isPartOf":{"@id":"https:\/\/www.ildammuso.com\/it\/#website"},"primaryImageOfPage":{"@id":"https:\/\/www.ildammuso.com\/it\/pantelleria-lisola-dei-contrasti-tra-verde-mare-e-silenzio-un-racconto-di-scoperte-e-meraviglie\/#primaryimage"},"image":{"@id":"https:\/\/www.ildammuso.com\/it\/pantelleria-lisola-dei-contrasti-tra-verde-mare-e-silenzio-un-racconto-di-scoperte-e-meraviglie\/#primaryimage"},"thumbnailUrl":"https:\/\/storage1254.cdn-immedia.net\/wp-content\/uploads\/2025\/01\/Piana_Barbara.jpg","datePublished":"2025-01-24T10:05:09+00:00","dateModified":"2025-01-24T10:05:13+00:00","description":"\"Pantelleria: l'isola dei contrasti tra verde, mare e silenzio\": leggi l'articolo completo nel blog de Il Dammuso!","breadcrumb":{"@id":"https:\/\/www.ildammuso.com\/it\/pantelleria-lisola-dei-contrasti-tra-verde-mare-e-silenzio-un-racconto-di-scoperte-e-meraviglie\/#breadcrumb"},"inLanguage":"it-IT","potentialAction":[{"@type":"ReadAction","target":["https:\/\/www.ildammuso.com\/it\/pantelleria-lisola-dei-contrasti-tra-verde-mare-e-silenzio-un-racconto-di-scoperte-e-meraviglie\/"]}]},{"@type":"ImageObject","inLanguage":"it-IT","@id":"https:\/\/www.ildammuso.com\/it\/pantelleria-lisola-dei-contrasti-tra-verde-mare-e-silenzio-un-racconto-di-scoperte-e-meraviglie\/#primaryimage","url":"https:\/\/storage1254.cdn-immedia.net\/wp-content\/uploads\/2025\/01\/Piana_Barbara.jpg","contentUrl":"https:\/\/storage1254.cdn-immedia.net\/wp-content\/uploads\/2025\/01\/Piana_Barbara.jpg","width":1200,"height":1600},{"@type":"BreadcrumbList","@id":"https:\/\/www.ildammuso.com\/it\/pantelleria-lisola-dei-contrasti-tra-verde-mare-e-silenzio-un-racconto-di-scoperte-e-meraviglie\/#breadcrumb","itemListElement":[{"@type":"ListItem","position":1,"name":"Home","item":"https:\/\/www.ildammuso.com\/it\/"},{"@type":"ListItem","position":2,"name":"&nbsp;"}]},{"@type":"WebSite","@id":"https:\/\/www.ildammuso.com\/it\/#website","url":"https:\/\/www.ildammuso.com\/it\/","name":"Il Dammuso","description":"Il tuo Dammuso a Pantelleria","publisher":{"@id":"https:\/\/www.ildammuso.com\/it\/#organization"},"potentialAction":[{"@type":"SearchAction","target":{"@type":"EntryPoint","urlTemplate":"https:\/\/www.ildammuso.com\/it\/?s={search_term_string}"},"query-input":{"@type":"PropertyValueSpecification","valueRequired":true,"valueName":"search_term_string"}}],"inLanguage":"it-IT"},{"@type":"Organization","@id":"https:\/\/www.ildammuso.com\/it\/#organization","name":"Il Dammuso","url":"https:\/\/www.ildammuso.com\/it\/","logo":{"@type":"ImageObject","inLanguage":"it-IT","@id":"https:\/\/www.ildammuso.com\/it\/#\/schema\/logo\/image\/","url":"https:\/\/storage1254.cdn-immedia.net\/wp-content\/uploads\/2022\/06\/logo-ildammuso.jpg","contentUrl":"https:\/\/storage1254.cdn-immedia.net\/wp-content\/uploads\/2022\/06\/logo-ildammuso.jpg","width":426,"height":395,"caption":"Il Dammuso"},"image":{"@id":"https:\/\/www.ildammuso.com\/it\/#\/schema\/logo\/image\/"},"sameAs":["https:\/\/www.facebook.com\/ildammusodipantelleria\/","https:\/\/www.instagram.com\/ildammusogram\/"]},{"@type":"Person","@id":"https:\/\/www.ildammuso.com\/it\/#\/schema\/person\/a97bc2634c1ae772b6efbb07fef2b3a8","name":"claudia","image":{"@type":"ImageObject","inLanguage":"it-IT","@id":"https:\/\/secure.gravatar.com\/avatar\/bfa9e85032faeaffeaaafd48c7c09ad8da852ff133d8361db8721aff28093ebe?s=96&d=mm&r=g","url":"https:\/\/secure.gravatar.com\/avatar\/bfa9e85032faeaffeaaafd48c7c09ad8da852ff133d8361db8721aff28093ebe?s=96&d=mm&r=g","contentUrl":"https:\/\/secure.gravatar.com\/avatar\/bfa9e85032faeaffeaaafd48c7c09ad8da852ff133d8361db8721aff28093ebe?s=96&d=mm&r=g","caption":"claudia"}}]}},"_links":{"self":[{"href":"https:\/\/www.ildammuso.com\/it\/wp-json\/wp\/v2\/posts\/26822","targetHints":{"allow":["GET"]}}],"collection":[{"href":"https:\/\/www.ildammuso.com\/it\/wp-json\/wp\/v2\/posts"}],"about":[{"href":"https:\/\/www.ildammuso.com\/it\/wp-json\/wp\/v2\/types\/post"}],"author":[{"embeddable":true,"href":"https:\/\/www.ildammuso.com\/it\/wp-json\/wp\/v2\/users\/3"}],"replies":[{"embeddable":true,"href":"https:\/\/www.ildammuso.com\/it\/wp-json\/wp\/v2\/comments?post=26822"}],"version-history":[{"count":1,"href":"https:\/\/www.ildammuso.com\/it\/wp-json\/wp\/v2\/posts\/26822\/revisions"}],"predecessor-version":[{"id":26825,"href":"https:\/\/www.ildammuso.com\/it\/wp-json\/wp\/v2\/posts\/26822\/revisions\/26825"}],"wp:featuredmedia":[{"embeddable":true,"href":"https:\/\/www.ildammuso.com\/it\/wp-json\/wp\/v2\/media\/26823"}],"wp:attachment":[{"href":"https:\/\/www.ildammuso.com\/it\/wp-json\/wp\/v2\/media?parent=26822"}],"wp:term":[{"taxonomy":"category","embeddable":true,"href":"https:\/\/www.ildammuso.com\/it\/wp-json\/wp\/v2\/categories?post=26822"},{"taxonomy":"post_tag","embeddable":true,"href":"https:\/\/www.ildammuso.com\/it\/wp-json\/wp\/v2\/tags?post=26822"}],"curies":[{"name":"wp","href":"https:\/\/api.w.org\/{rel}","templated":true}]}}