{"id":27064,"date":"2025-02-22T12:04:12","date_gmt":"2025-02-22T11:04:12","guid":{"rendered":"https:\/\/www.ildammuso.com\/?p=27064"},"modified":"2025-02-22T12:04:18","modified_gmt":"2025-02-22T11:04:18","slug":"pantelleria-a-maggio-il-mese-in-cui-lisola-incanta-il-cuore","status":"publish","type":"post","link":"https:\/\/www.ildammuso.com\/it\/pantelleria-a-maggio-il-mese-in-cui-lisola-incanta-il-cuore\/","title":{"rendered":"Pantelleria a maggio: il mese in cui l\u2019isola incanta il cuore"},"content":{"rendered":"\n<p>Maggio a Pantelleria.<br>Sia benedetta.<br><br>\u00c8 vero, talvolta fa fresco.<br>A maggio che sia scirocco o maestrale \u00e8 una gioia avere addosso qualcosa di caldo.<br>Ma mai nella vostra vita avrete modo di vedere un cielo come quello di Pantelleria a maggio.<br>L\u2019aria frizzante, pulita, cos\u00ec trasparente che ti sembra di &nbsp;attraversarla senza alcun attrito.<br>Nella sua nitidezza rende i colori di questa isola vividi.<br><br>Maggio a Pantelleria fa sussultare il cuore.<br>E\u2019 tutto troppo.<br>Parlo di emozioni, di nuvole, di mare che si specchia perfettamente nel cielo.<br>E mentre scrivo so gi\u00e0 che il PITTORE \u00e8 all\u2019opera.<br><br>Questa \u00e8 la verit\u00e0 di un maggio a Pantelleria e sfido chiunque a smentirmi.<br>Chiunque conosca questa isola e l\u2019abbia attraversata lungo tutti i mesi.<br><br>E per chi ama il mare esiste un gioco.<br>Il pi\u00f9 bello per me.<br>Chi teme di affrontare le acque fredde del canale di Sicilia immergendosi totalmente nel mare frizzante e limpido provi a stendersi l\u00ec dove gli scogli sono appena affioranti.<br>In posti come Suvaki o nella pozza di Balata dei turchi oppure in alcune delle calette di Martingana o de La Vela.<br>Il sole \u00e8 alto, fuori la temperatura sar\u00e0 di venti gradi o poco pi\u00f9, pertanto stendetevi e galleggiate sereni e fatevi accarezzare dall\u2019alga morbida e muschiata, l\u2019acqua sar\u00e0 tiepida e voi sarete per met\u00e0 in mare e per l\u2019altra met\u00e0 esposti ai caldi raggi del sole.<br>Sar\u00e0 divertente guardare il granchio che si nasconde nella tana e i pesci piccoli che fanno capolino un po&#8217; curiosi e un po&#8217; spaventati dalla vostra presenza.<br><br>S\u00ec lo so anche che c\u2019\u00e8 il meraviglioso Lago di Venere e che ci sono pure le sorgenti idrotermali di Gadir, Sataria e la magica Nik\u00e0.<br>La verit\u00e0 \u00e8 che oggi volevo offrirvi una visione diversa, una storia nuova, un piacere inaspettato.<\/p>\n","protected":false},"excerpt":{"rendered":"<p>Maggio a Pantelleria.Sia benedetta. \u00c8 vero, talvolta fa fresco.A maggio [&hellip;]<\/p>\n","protected":false},"author":3,"featured_media":27065,"comment_status":"closed","ping_status":"closed","sticky":false,"template":"","format":"standard","meta":{"_acf_changed":false,"footnotes":""},"categories":[440],"tags":[1601,1602,1603,1605,1185,1054,837,808,228,96,91,117,105,760],"class_list":["post-27064","post","type-post","status-publish","format-standard","has-post-thumbnail","hentry","category-istruzioni-per-l-uso","tag-granchi","tag-colore","tag-pittore","tag-canaledisicilia","tag-alghe","tag-lago-2","tag-gadir-2","tag-balatadeiturchi","tag-ildammuso","tag-mare","tag-pantelleria","tag-pesci","tag-scogli","tag-sole"],"acf":[],"yoast_head":"<!-- This site is optimized with the Yoast SEO plugin v27.5 - https:\/\/yoast.com\/product\/yoast-seo-wordpress\/ -->\n<title>Pantelleria a maggio: il mese in cui l\u2019isola incanta il cuore | Il Dammuso<\/title>\n<meta name=\"description\" content=\"&quot;Pantelleria a maggio: il mese in cui l\u2019isola incanta il cuore&quot;: leggi l&#039;articolo completo nel blog de Il Dammuso!\" \/>\n<meta name=\"robots\" content=\"index, follow, max-snippet:-1, max-image-preview:large, max-video-preview:-1\" \/>\n<link rel=\"canonical\" href=\"https:\/\/www.ildammuso.com\/it\/pantelleria-a-maggio-il-mese-in-cui-lisola-incanta-il-cuore\/\" \/>\n<meta property=\"og:locale\" content=\"it_IT\" \/>\n<meta property=\"og:type\" content=\"article\" \/>\n<meta property=\"og:title\" content=\"Pantelleria a maggio: il mese in cui l\u2019isola incanta il cuore | Il Dammuso\" \/>\n<meta property=\"og:description\" content=\"&quot;Pantelleria a maggio: il mese in cui l\u2019isola incanta il cuore&quot;: leggi l&#039;articolo completo nel blog de Il Dammuso!\" \/>\n<meta property=\"og:url\" content=\"https:\/\/www.ildammuso.com\/it\/pantelleria-a-maggio-il-mese-in-cui-lisola-incanta-il-cuore\/\" \/>\n<meta property=\"og:site_name\" content=\"Il Dammuso\" \/>\n<meta property=\"article:publisher\" content=\"https:\/\/www.facebook.com\/ildammusodipantelleria\/\" \/>\n<meta property=\"article:published_time\" content=\"2025-02-22T11:04:12+00:00\" \/>\n<meta property=\"article:modified_time\" content=\"2025-02-22T11:04:18+00:00\" \/>\n<meta property=\"og:image\" content=\"https:\/\/storage1254.cdn-immedia.net\/wp-content\/uploads\/2025\/02\/maggio-a-Pante-scaled.jpg\" \/>\n\t<meta property=\"og:image:width\" content=\"2560\" \/>\n\t<meta property=\"og:image:height\" content=\"1440\" \/>\n\t<meta property=\"og:image:type\" content=\"image\/jpeg\" \/>\n<meta name=\"author\" content=\"claudia\" \/>\n<meta name=\"twitter:card\" content=\"summary_large_image\" \/>\n<meta name=\"twitter:label1\" content=\"Scritto da\" \/>\n\t<meta name=\"twitter:data1\" content=\"claudia\" \/>\n\t<meta name=\"twitter:label2\" content=\"Tempo di lettura stimato\" \/>\n\t<meta name=\"twitter:data2\" content=\"2 minuti\" \/>\n<script type=\"application\/ld+json\" class=\"yoast-schema-graph\">{\"@context\":\"https:\\\/\\\/schema.org\",\"@graph\":[{\"@type\":\"Article\",\"@id\":\"https:\\\/\\\/www.ildammuso.com\\\/it\\\/pantelleria-a-maggio-il-mese-in-cui-lisola-incanta-il-cuore\\\/#article\",\"isPartOf\":{\"@id\":\"https:\\\/\\\/www.ildammuso.com\\\/it\\\/pantelleria-a-maggio-il-mese-in-cui-lisola-incanta-il-cuore\\\/\"},\"author\":{\"name\":\"claudia\",\"@id\":\"https:\\\/\\\/www.ildammuso.com\\\/it\\\/#\\\/schema\\\/person\\\/a97bc2634c1ae772b6efbb07fef2b3a8\"},\"headline\":\"Pantelleria a maggio: il mese in cui l\u2019isola incanta il cuore\",\"datePublished\":\"2025-02-22T11:04:12+00:00\",\"dateModified\":\"2025-02-22T11:04:18+00:00\",\"mainEntityOfPage\":{\"@id\":\"https:\\\/\\\/www.ildammuso.com\\\/it\\\/pantelleria-a-maggio-il-mese-in-cui-lisola-incanta-il-cuore\\\/\"},\"wordCount\":315,\"publisher\":{\"@id\":\"https:\\\/\\\/www.ildammuso.com\\\/it\\\/#organization\"},\"image\":{\"@id\":\"https:\\\/\\\/www.ildammuso.com\\\/it\\\/pantelleria-a-maggio-il-mese-in-cui-lisola-incanta-il-cuore\\\/#primaryimage\"},\"thumbnailUrl\":\"https:\\\/\\\/www.ildammuso.com\\\/wp-content\\\/uploads\\\/2025\\\/02\\\/maggio-a-Pante-scaled.jpg\",\"keywords\":[\"granchi\",\"colore\",\"pittore\",\"canaledisicilia\",\"alghe\",\"lago\",\"gadir\",\"balatadeiturchi\",\"ildammuso\",\"mare\",\"pantelleria\",\"pesci\",\"scogli\",\"sole\"],\"articleSection\":[\"Istruzioni per l'uso\"],\"inLanguage\":\"it-IT\"},{\"@type\":\"WebPage\",\"@id\":\"https:\\\/\\\/www.ildammuso.com\\\/it\\\/pantelleria-a-maggio-il-mese-in-cui-lisola-incanta-il-cuore\\\/\",\"url\":\"https:\\\/\\\/www.ildammuso.com\\\/it\\\/pantelleria-a-maggio-il-mese-in-cui-lisola-incanta-il-cuore\\\/\",\"name\":\"Pantelleria a maggio: il mese in cui l\u2019isola incanta il cuore | Il Dammuso\",\"isPartOf\":{\"@id\":\"https:\\\/\\\/www.ildammuso.com\\\/it\\\/#website\"},\"primaryImageOfPage\":{\"@id\":\"https:\\\/\\\/www.ildammuso.com\\\/it\\\/pantelleria-a-maggio-il-mese-in-cui-lisola-incanta-il-cuore\\\/#primaryimage\"},\"image\":{\"@id\":\"https:\\\/\\\/www.ildammuso.com\\\/it\\\/pantelleria-a-maggio-il-mese-in-cui-lisola-incanta-il-cuore\\\/#primaryimage\"},\"thumbnailUrl\":\"https:\\\/\\\/www.ildammuso.com\\\/wp-content\\\/uploads\\\/2025\\\/02\\\/maggio-a-Pante-scaled.jpg\",\"datePublished\":\"2025-02-22T11:04:12+00:00\",\"dateModified\":\"2025-02-22T11:04:18+00:00\",\"description\":\"\\\"Pantelleria a maggio: il mese in cui l\u2019isola incanta il cuore\\\": leggi l'articolo completo nel blog de Il Dammuso!\",\"breadcrumb\":{\"@id\":\"https:\\\/\\\/www.ildammuso.com\\\/it\\\/pantelleria-a-maggio-il-mese-in-cui-lisola-incanta-il-cuore\\\/#breadcrumb\"},\"inLanguage\":\"it-IT\",\"potentialAction\":[{\"@type\":\"ReadAction\",\"target\":[\"https:\\\/\\\/www.ildammuso.com\\\/it\\\/pantelleria-a-maggio-il-mese-in-cui-lisola-incanta-il-cuore\\\/\"]}]},{\"@type\":\"ImageObject\",\"inLanguage\":\"it-IT\",\"@id\":\"https:\\\/\\\/www.ildammuso.com\\\/it\\\/pantelleria-a-maggio-il-mese-in-cui-lisola-incanta-il-cuore\\\/#primaryimage\",\"url\":\"https:\\\/\\\/www.ildammuso.com\\\/wp-content\\\/uploads\\\/2025\\\/02\\\/maggio-a-Pante-scaled.jpg\",\"contentUrl\":\"https:\\\/\\\/www.ildammuso.com\\\/wp-content\\\/uploads\\\/2025\\\/02\\\/maggio-a-Pante-scaled.jpg\",\"width\":2560,\"height\":1440,\"caption\":\"DCIM100MEDIADJI_0363.JPG\"},{\"@type\":\"BreadcrumbList\",\"@id\":\"https:\\\/\\\/www.ildammuso.com\\\/it\\\/pantelleria-a-maggio-il-mese-in-cui-lisola-incanta-il-cuore\\\/#breadcrumb\",\"itemListElement\":[{\"@type\":\"ListItem\",\"position\":1,\"name\":\"Home\",\"item\":\"https:\\\/\\\/www.ildammuso.com\\\/it\\\/\"},{\"@type\":\"ListItem\",\"position\":2,\"name\":\"&nbsp;\"}]},{\"@type\":\"WebSite\",\"@id\":\"https:\\\/\\\/www.ildammuso.com\\\/it\\\/#website\",\"url\":\"https:\\\/\\\/www.ildammuso.com\\\/it\\\/\",\"name\":\"Il Dammuso\",\"description\":\"Il tuo Dammuso a Pantelleria\",\"publisher\":{\"@id\":\"https:\\\/\\\/www.ildammuso.com\\\/it\\\/#organization\"},\"potentialAction\":[{\"@type\":\"SearchAction\",\"target\":{\"@type\":\"EntryPoint\",\"urlTemplate\":\"https:\\\/\\\/www.ildammuso.com\\\/it\\\/?s={search_term_string}\"},\"query-input\":{\"@type\":\"PropertyValueSpecification\",\"valueRequired\":true,\"valueName\":\"search_term_string\"}}],\"inLanguage\":\"it-IT\"},{\"@type\":\"Organization\",\"@id\":\"https:\\\/\\\/www.ildammuso.com\\\/it\\\/#organization\",\"name\":\"Il Dammuso\",\"url\":\"https:\\\/\\\/www.ildammuso.com\\\/it\\\/\",\"logo\":{\"@type\":\"ImageObject\",\"inLanguage\":\"it-IT\",\"@id\":\"https:\\\/\\\/www.ildammuso.com\\\/it\\\/#\\\/schema\\\/logo\\\/image\\\/\",\"url\":\"https:\\\/\\\/www.ildammuso.com\\\/wp-content\\\/uploads\\\/2022\\\/06\\\/logo-ildammuso.jpg\",\"contentUrl\":\"https:\\\/\\\/www.ildammuso.com\\\/wp-content\\\/uploads\\\/2022\\\/06\\\/logo-ildammuso.jpg\",\"width\":426,\"height\":395,\"caption\":\"Il Dammuso\"},\"image\":{\"@id\":\"https:\\\/\\\/www.ildammuso.com\\\/it\\\/#\\\/schema\\\/logo\\\/image\\\/\"},\"sameAs\":[\"https:\\\/\\\/www.facebook.com\\\/ildammusodipantelleria\\\/\",\"https:\\\/\\\/www.instagram.com\\\/ildammusogram\\\/\"]},{\"@type\":\"Person\",\"@id\":\"https:\\\/\\\/www.ildammuso.com\\\/it\\\/#\\\/schema\\\/person\\\/a97bc2634c1ae772b6efbb07fef2b3a8\",\"name\":\"claudia\",\"image\":{\"@type\":\"ImageObject\",\"inLanguage\":\"it-IT\",\"@id\":\"https:\\\/\\\/secure.gravatar.com\\\/avatar\\\/bfa9e85032faeaffeaaafd48c7c09ad8da852ff133d8361db8721aff28093ebe?s=96&d=mm&r=g\",\"url\":\"https:\\\/\\\/secure.gravatar.com\\\/avatar\\\/bfa9e85032faeaffeaaafd48c7c09ad8da852ff133d8361db8721aff28093ebe?s=96&d=mm&r=g\",\"contentUrl\":\"https:\\\/\\\/secure.gravatar.com\\\/avatar\\\/bfa9e85032faeaffeaaafd48c7c09ad8da852ff133d8361db8721aff28093ebe?s=96&d=mm&r=g\",\"caption\":\"claudia\"}}]}<\/script>\n<!-- \/ Yoast SEO plugin. -->","yoast_head_json":{"title":"Pantelleria a maggio: il mese in cui l\u2019isola incanta il cuore | Il Dammuso","description":"\"Pantelleria a maggio: il mese in cui l\u2019isola incanta il cuore\": leggi l'articolo completo nel blog de Il Dammuso!","robots":{"index":"index","follow":"follow","max-snippet":"max-snippet:-1","max-image-preview":"max-image-preview:large","max-video-preview":"max-video-preview:-1"},"canonical":"https:\/\/www.ildammuso.com\/it\/pantelleria-a-maggio-il-mese-in-cui-lisola-incanta-il-cuore\/","og_locale":"it_IT","og_type":"article","og_title":"Pantelleria a maggio: il mese in cui l\u2019isola incanta il cuore | Il Dammuso","og_description":"\"Pantelleria a maggio: il mese in cui l\u2019isola incanta il cuore\": leggi l'articolo completo nel blog de Il Dammuso!","og_url":"https:\/\/www.ildammuso.com\/it\/pantelleria-a-maggio-il-mese-in-cui-lisola-incanta-il-cuore\/","og_site_name":"Il Dammuso","article_publisher":"https:\/\/www.facebook.com\/ildammusodipantelleria\/","article_published_time":"2025-02-22T11:04:12+00:00","article_modified_time":"2025-02-22T11:04:18+00:00","og_image":[{"width":2560,"height":1440,"url":"https:\/\/storage1254.cdn-immedia.net\/wp-content\/uploads\/2025\/02\/maggio-a-Pante-scaled.jpg","type":"image\/jpeg"}],"author":"claudia","twitter_card":"summary_large_image","twitter_misc":{"Scritto da":"claudia","Tempo di lettura stimato":"2 minuti"},"schema":{"@context":"https:\/\/schema.org","@graph":[{"@type":"Article","@id":"https:\/\/www.ildammuso.com\/it\/pantelleria-a-maggio-il-mese-in-cui-lisola-incanta-il-cuore\/#article","isPartOf":{"@id":"https:\/\/www.ildammuso.com\/it\/pantelleria-a-maggio-il-mese-in-cui-lisola-incanta-il-cuore\/"},"author":{"name":"claudia","@id":"https:\/\/www.ildammuso.com\/it\/#\/schema\/person\/a97bc2634c1ae772b6efbb07fef2b3a8"},"headline":"Pantelleria a maggio: il mese in cui l\u2019isola incanta il cuore","datePublished":"2025-02-22T11:04:12+00:00","dateModified":"2025-02-22T11:04:18+00:00","mainEntityOfPage":{"@id":"https:\/\/www.ildammuso.com\/it\/pantelleria-a-maggio-il-mese-in-cui-lisola-incanta-il-cuore\/"},"wordCount":315,"publisher":{"@id":"https:\/\/www.ildammuso.com\/it\/#organization"},"image":{"@id":"https:\/\/www.ildammuso.com\/it\/pantelleria-a-maggio-il-mese-in-cui-lisola-incanta-il-cuore\/#primaryimage"},"thumbnailUrl":"https:\/\/storage1254.cdn-immedia.net\/wp-content\/uploads\/2025\/02\/maggio-a-Pante-scaled.jpg","keywords":["granchi","colore","pittore","canaledisicilia","alghe","lago","gadir","balatadeiturchi","ildammuso","mare","pantelleria","pesci","scogli","sole"],"articleSection":["Istruzioni per l'uso"],"inLanguage":"it-IT"},{"@type":"WebPage","@id":"https:\/\/www.ildammuso.com\/it\/pantelleria-a-maggio-il-mese-in-cui-lisola-incanta-il-cuore\/","url":"https:\/\/www.ildammuso.com\/it\/pantelleria-a-maggio-il-mese-in-cui-lisola-incanta-il-cuore\/","name":"Pantelleria a maggio: il mese in cui l\u2019isola incanta il cuore | Il Dammuso","isPartOf":{"@id":"https:\/\/www.ildammuso.com\/it\/#website"},"primaryImageOfPage":{"@id":"https:\/\/www.ildammuso.com\/it\/pantelleria-a-maggio-il-mese-in-cui-lisola-incanta-il-cuore\/#primaryimage"},"image":{"@id":"https:\/\/www.ildammuso.com\/it\/pantelleria-a-maggio-il-mese-in-cui-lisola-incanta-il-cuore\/#primaryimage"},"thumbnailUrl":"https:\/\/storage1254.cdn-immedia.net\/wp-content\/uploads\/2025\/02\/maggio-a-Pante-scaled.jpg","datePublished":"2025-02-22T11:04:12+00:00","dateModified":"2025-02-22T11:04:18+00:00","description":"\"Pantelleria a maggio: il mese in cui l\u2019isola incanta il cuore\": leggi l'articolo completo nel blog de Il Dammuso!","breadcrumb":{"@id":"https:\/\/www.ildammuso.com\/it\/pantelleria-a-maggio-il-mese-in-cui-lisola-incanta-il-cuore\/#breadcrumb"},"inLanguage":"it-IT","potentialAction":[{"@type":"ReadAction","target":["https:\/\/www.ildammuso.com\/it\/pantelleria-a-maggio-il-mese-in-cui-lisola-incanta-il-cuore\/"]}]},{"@type":"ImageObject","inLanguage":"it-IT","@id":"https:\/\/www.ildammuso.com\/it\/pantelleria-a-maggio-il-mese-in-cui-lisola-incanta-il-cuore\/#primaryimage","url":"https:\/\/storage1254.cdn-immedia.net\/wp-content\/uploads\/2025\/02\/maggio-a-Pante-scaled.jpg","contentUrl":"https:\/\/storage1254.cdn-immedia.net\/wp-content\/uploads\/2025\/02\/maggio-a-Pante-scaled.jpg","width":2560,"height":1440,"caption":"DCIM100MEDIADJI_0363.JPG"},{"@type":"BreadcrumbList","@id":"https:\/\/www.ildammuso.com\/it\/pantelleria-a-maggio-il-mese-in-cui-lisola-incanta-il-cuore\/#breadcrumb","itemListElement":[{"@type":"ListItem","position":1,"name":"Home","item":"https:\/\/www.ildammuso.com\/it\/"},{"@type":"ListItem","position":2,"name":"&nbsp;"}]},{"@type":"WebSite","@id":"https:\/\/www.ildammuso.com\/it\/#website","url":"https:\/\/www.ildammuso.com\/it\/","name":"Il Dammuso","description":"Il tuo Dammuso a Pantelleria","publisher":{"@id":"https:\/\/www.ildammuso.com\/it\/#organization"},"potentialAction":[{"@type":"SearchAction","target":{"@type":"EntryPoint","urlTemplate":"https:\/\/www.ildammuso.com\/it\/?s={search_term_string}"},"query-input":{"@type":"PropertyValueSpecification","valueRequired":true,"valueName":"search_term_string"}}],"inLanguage":"it-IT"},{"@type":"Organization","@id":"https:\/\/www.ildammuso.com\/it\/#organization","name":"Il Dammuso","url":"https:\/\/www.ildammuso.com\/it\/","logo":{"@type":"ImageObject","inLanguage":"it-IT","@id":"https:\/\/www.ildammuso.com\/it\/#\/schema\/logo\/image\/","url":"https:\/\/storage1254.cdn-immedia.net\/wp-content\/uploads\/2022\/06\/logo-ildammuso.jpg","contentUrl":"https:\/\/storage1254.cdn-immedia.net\/wp-content\/uploads\/2022\/06\/logo-ildammuso.jpg","width":426,"height":395,"caption":"Il Dammuso"},"image":{"@id":"https:\/\/www.ildammuso.com\/it\/#\/schema\/logo\/image\/"},"sameAs":["https:\/\/www.facebook.com\/ildammusodipantelleria\/","https:\/\/www.instagram.com\/ildammusogram\/"]},{"@type":"Person","@id":"https:\/\/www.ildammuso.com\/it\/#\/schema\/person\/a97bc2634c1ae772b6efbb07fef2b3a8","name":"claudia","image":{"@type":"ImageObject","inLanguage":"it-IT","@id":"https:\/\/secure.gravatar.com\/avatar\/bfa9e85032faeaffeaaafd48c7c09ad8da852ff133d8361db8721aff28093ebe?s=96&d=mm&r=g","url":"https:\/\/secure.gravatar.com\/avatar\/bfa9e85032faeaffeaaafd48c7c09ad8da852ff133d8361db8721aff28093ebe?s=96&d=mm&r=g","contentUrl":"https:\/\/secure.gravatar.com\/avatar\/bfa9e85032faeaffeaaafd48c7c09ad8da852ff133d8361db8721aff28093ebe?s=96&d=mm&r=g","caption":"claudia"}}]}},"_links":{"self":[{"href":"https:\/\/www.ildammuso.com\/it\/wp-json\/wp\/v2\/posts\/27064","targetHints":{"allow":["GET"]}}],"collection":[{"href":"https:\/\/www.ildammuso.com\/it\/wp-json\/wp\/v2\/posts"}],"about":[{"href":"https:\/\/www.ildammuso.com\/it\/wp-json\/wp\/v2\/types\/post"}],"author":[{"embeddable":true,"href":"https:\/\/www.ildammuso.com\/it\/wp-json\/wp\/v2\/users\/3"}],"replies":[{"embeddable":true,"href":"https:\/\/www.ildammuso.com\/it\/wp-json\/wp\/v2\/comments?post=27064"}],"version-history":[{"count":1,"href":"https:\/\/www.ildammuso.com\/it\/wp-json\/wp\/v2\/posts\/27064\/revisions"}],"predecessor-version":[{"id":27067,"href":"https:\/\/www.ildammuso.com\/it\/wp-json\/wp\/v2\/posts\/27064\/revisions\/27067"}],"wp:featuredmedia":[{"embeddable":true,"href":"https:\/\/www.ildammuso.com\/it\/wp-json\/wp\/v2\/media\/27065"}],"wp:attachment":[{"href":"https:\/\/www.ildammuso.com\/it\/wp-json\/wp\/v2\/media?parent=27064"}],"wp:term":[{"taxonomy":"category","embeddable":true,"href":"https:\/\/www.ildammuso.com\/it\/wp-json\/wp\/v2\/categories?post=27064"},{"taxonomy":"post_tag","embeddable":true,"href":"https:\/\/www.ildammuso.com\/it\/wp-json\/wp\/v2\/tags?post=27064"}],"curies":[{"name":"wp","href":"https:\/\/api.w.org\/{rel}","templated":true}]}}