{"id":27559,"date":"2025-04-05T10:57:21","date_gmt":"2025-04-05T08:57:21","guid":{"rendered":"https:\/\/www.ildammuso.com\/?p=27559"},"modified":"2025-04-05T10:57:26","modified_gmt":"2025-04-05T08:57:26","slug":"primavera-a-pantelleria","status":"publish","type":"post","link":"https:\/\/www.ildammuso.com\/it\/primavera-a-pantelleria\/","title":{"rendered":"Primavera a Pantelleria"},"content":{"rendered":"\n<p>A Pantelleria \u00e8 primavera.<br>Me lo hanno detto gli argini del lago che in questi mesi hanno rosicchiato centimetri di suolo.<br>Me lo ha spiegato l\u2019elicriso che interrompe tutte le sfumature del verde che questa terra conosce.<br>Lo raccontano La Montagna Grande e Monte Gibele che sembrano due giganti ancora in letargo, accovacciati, e soffici di una NATURA che ha ritemprato l\u2019isola.<br><br>Poi ho parlato con l\u2019erba e mi ha spiegato che a breve arriveranno i papaveri rossi e le margherite.<br>Sempre la terra mi ha raccontato che adesso arriveranno le piantine della zucca rotonda e quelle del pomodoro siccagno,<br><br>Il mare, che sfida Pantelleria e l\u2019abbraccia al contempo, mi ha detto che fra poco sar\u00e0 il tempo dei bambini: il tempo del tuffo dallo scoglio pi\u00f9 alto, le grida e gli spruzzi, la scoperta e il gioco.<br>I bambini sono i primi ad arrivare al mare, in tutte le stagioni e a tutte le ore: non temono il freddo e l\u2019acqua li rende temerari e lievi.<br><br>Infine \u00e8 arrivato il cielo terso di Pantelleria (mentre lo guardavo stringendo gli occhi perch\u00e9 esiste un azzurro splendente) che mi ha detto che, s\u00ec, la Primavera \u00e8 arrivata ma per lui cambia poco: il sole continuer\u00e0 a splendere, tra tutti gli azzurri ogni mattina ne sceglier\u00e0 uno diverso e le nuvole, quelle no, quelle non si fermano.<br>Le nuvole a Pantelleria trascorrono il loro tempo a rincorrersi.<br>Chi arriva prima vince?<br>Pantelleria mi ha detto che le nuvole sul cielo di questa isola non solo vincono, STRAVINCONO.<br><br><\/p>\n","protected":false},"excerpt":{"rendered":"<p>A Pantelleria \u00e8 primavera.Me lo hanno detto gli argini del [&hellip;]<\/p>\n","protected":false},"author":3,"featured_media":27560,"comment_status":"closed","ping_status":"closed","sticky":false,"template":"","format":"standard","meta":{"_acf_changed":false,"footnotes":""},"categories":[446],"tags":[1633,1632,1631,1630,1488,1054,228,92,91],"class_list":["post-27559","post","type-post","status-publish","format-standard","has-post-thumbnail","hentry","category-pantelleria-lisola","tag-mattina","tag-gioco","tag-zucca","tag-monte","tag-scoperta","tag-lago-2","tag-ildammuso","tag-isola","tag-pantelleria"],"acf":[],"yoast_head":"<!-- This site is optimized with the Yoast SEO plugin v27.4 - https:\/\/yoast.com\/product\/yoast-seo-wordpress\/ -->\n<title>Primavera a Pantelleria | Il Dammuso<\/title>\n<meta name=\"description\" content=\"&quot;A Pantelleria \u00e8 primavera&quot;: leggi l&#039;articolo completo nel blog de Il Dammuso! Luce, odori e magia in primavera a Pantelleria\" \/>\n<meta name=\"robots\" content=\"index, follow, max-snippet:-1, max-image-preview:large, max-video-preview:-1\" \/>\n<link rel=\"canonical\" href=\"https:\/\/www.ildammuso.com\/it\/primavera-a-pantelleria\/\" \/>\n<meta property=\"og:locale\" content=\"it_IT\" \/>\n<meta property=\"og:type\" content=\"article\" \/>\n<meta property=\"og:title\" content=\"Primavera a Pantelleria | Il Dammuso\" \/>\n<meta property=\"og:description\" content=\"&quot;A Pantelleria \u00e8 primavera&quot;: leggi l&#039;articolo completo nel blog de Il Dammuso! Luce, odori e magia in primavera a Pantelleria\" \/>\n<meta property=\"og:url\" content=\"https:\/\/www.ildammuso.com\/it\/primavera-a-pantelleria\/\" \/>\n<meta property=\"og:site_name\" content=\"Il Dammuso\" \/>\n<meta property=\"article:publisher\" content=\"https:\/\/www.facebook.com\/ildammusodipantelleria\/\" \/>\n<meta property=\"article:published_time\" content=\"2025-04-05T08:57:21+00:00\" \/>\n<meta property=\"article:modified_time\" content=\"2025-04-05T08:57:26+00:00\" \/>\n<meta property=\"og:image\" content=\"https:\/\/storage1254.cdn-immedia.net\/wp-content\/uploads\/2025\/04\/sataria_elicrisio.jpg\" \/>\n\t<meta property=\"og:image:width\" content=\"1728\" \/>\n\t<meta property=\"og:image:height\" content=\"1256\" \/>\n\t<meta property=\"og:image:type\" content=\"image\/jpeg\" \/>\n<meta name=\"author\" content=\"claudia\" \/>\n<meta name=\"twitter:card\" content=\"summary_large_image\" \/>\n<meta name=\"twitter:label1\" content=\"Scritto da\" \/>\n\t<meta name=\"twitter:data1\" content=\"claudia\" \/>\n\t<meta name=\"twitter:label2\" content=\"Tempo di lettura stimato\" \/>\n\t<meta name=\"twitter:data2\" content=\"2 minuti\" \/>\n<script type=\"application\/ld+json\" class=\"yoast-schema-graph\">{\"@context\":\"https:\\\/\\\/schema.org\",\"@graph\":[{\"@type\":\"Article\",\"@id\":\"https:\\\/\\\/www.ildammuso.com\\\/it\\\/primavera-a-pantelleria\\\/#article\",\"isPartOf\":{\"@id\":\"https:\\\/\\\/www.ildammuso.com\\\/it\\\/primavera-a-pantelleria\\\/\"},\"author\":{\"name\":\"claudia\",\"@id\":\"https:\\\/\\\/www.ildammuso.com\\\/it\\\/#\\\/schema\\\/person\\\/a97bc2634c1ae772b6efbb07fef2b3a8\"},\"headline\":\"Primavera a Pantelleria\",\"datePublished\":\"2025-04-05T08:57:21+00:00\",\"dateModified\":\"2025-04-05T08:57:26+00:00\",\"mainEntityOfPage\":{\"@id\":\"https:\\\/\\\/www.ildammuso.com\\\/it\\\/primavera-a-pantelleria\\\/\"},\"wordCount\":260,\"publisher\":{\"@id\":\"https:\\\/\\\/www.ildammuso.com\\\/it\\\/#organization\"},\"image\":{\"@id\":\"https:\\\/\\\/www.ildammuso.com\\\/it\\\/primavera-a-pantelleria\\\/#primaryimage\"},\"thumbnailUrl\":\"https:\\\/\\\/www.ildammuso.com\\\/wp-content\\\/uploads\\\/2025\\\/04\\\/sataria_elicrisio.jpg\",\"keywords\":[\"mattina\",\"gioco\",\"zucca\",\"monte\",\"scoperta\",\"lago\",\"ildammuso\",\"isola\",\"pantelleria\"],\"articleSection\":[\"Pantelleria, l'isola\"],\"inLanguage\":\"it-IT\"},{\"@type\":\"WebPage\",\"@id\":\"https:\\\/\\\/www.ildammuso.com\\\/it\\\/primavera-a-pantelleria\\\/\",\"url\":\"https:\\\/\\\/www.ildammuso.com\\\/it\\\/primavera-a-pantelleria\\\/\",\"name\":\"Primavera a Pantelleria | Il Dammuso\",\"isPartOf\":{\"@id\":\"https:\\\/\\\/www.ildammuso.com\\\/it\\\/#website\"},\"primaryImageOfPage\":{\"@id\":\"https:\\\/\\\/www.ildammuso.com\\\/it\\\/primavera-a-pantelleria\\\/#primaryimage\"},\"image\":{\"@id\":\"https:\\\/\\\/www.ildammuso.com\\\/it\\\/primavera-a-pantelleria\\\/#primaryimage\"},\"thumbnailUrl\":\"https:\\\/\\\/www.ildammuso.com\\\/wp-content\\\/uploads\\\/2025\\\/04\\\/sataria_elicrisio.jpg\",\"datePublished\":\"2025-04-05T08:57:21+00:00\",\"dateModified\":\"2025-04-05T08:57:26+00:00\",\"description\":\"\\\"A Pantelleria \u00e8 primavera\\\": leggi l'articolo completo nel blog de Il Dammuso! Luce, odori e magia in primavera a Pantelleria\",\"breadcrumb\":{\"@id\":\"https:\\\/\\\/www.ildammuso.com\\\/it\\\/primavera-a-pantelleria\\\/#breadcrumb\"},\"inLanguage\":\"it-IT\",\"potentialAction\":[{\"@type\":\"ReadAction\",\"target\":[\"https:\\\/\\\/www.ildammuso.com\\\/it\\\/primavera-a-pantelleria\\\/\"]}]},{\"@type\":\"ImageObject\",\"inLanguage\":\"it-IT\",\"@id\":\"https:\\\/\\\/www.ildammuso.com\\\/it\\\/primavera-a-pantelleria\\\/#primaryimage\",\"url\":\"https:\\\/\\\/www.ildammuso.com\\\/wp-content\\\/uploads\\\/2025\\\/04\\\/sataria_elicrisio.jpg\",\"contentUrl\":\"https:\\\/\\\/www.ildammuso.com\\\/wp-content\\\/uploads\\\/2025\\\/04\\\/sataria_elicrisio.jpg\",\"width\":1728,\"height\":1256,\"caption\":\"elicrisio pantelleria\"},{\"@type\":\"BreadcrumbList\",\"@id\":\"https:\\\/\\\/www.ildammuso.com\\\/it\\\/primavera-a-pantelleria\\\/#breadcrumb\",\"itemListElement\":[{\"@type\":\"ListItem\",\"position\":1,\"name\":\"Home\",\"item\":\"https:\\\/\\\/www.ildammuso.com\\\/it\\\/\"},{\"@type\":\"ListItem\",\"position\":2,\"name\":\"&nbsp;\"}]},{\"@type\":\"WebSite\",\"@id\":\"https:\\\/\\\/www.ildammuso.com\\\/it\\\/#website\",\"url\":\"https:\\\/\\\/www.ildammuso.com\\\/it\\\/\",\"name\":\"Il Dammuso\",\"description\":\"Il tuo Dammuso a Pantelleria\",\"publisher\":{\"@id\":\"https:\\\/\\\/www.ildammuso.com\\\/it\\\/#organization\"},\"potentialAction\":[{\"@type\":\"SearchAction\",\"target\":{\"@type\":\"EntryPoint\",\"urlTemplate\":\"https:\\\/\\\/www.ildammuso.com\\\/it\\\/?s={search_term_string}\"},\"query-input\":{\"@type\":\"PropertyValueSpecification\",\"valueRequired\":true,\"valueName\":\"search_term_string\"}}],\"inLanguage\":\"it-IT\"},{\"@type\":\"Organization\",\"@id\":\"https:\\\/\\\/www.ildammuso.com\\\/it\\\/#organization\",\"name\":\"Il Dammuso\",\"url\":\"https:\\\/\\\/www.ildammuso.com\\\/it\\\/\",\"logo\":{\"@type\":\"ImageObject\",\"inLanguage\":\"it-IT\",\"@id\":\"https:\\\/\\\/www.ildammuso.com\\\/it\\\/#\\\/schema\\\/logo\\\/image\\\/\",\"url\":\"https:\\\/\\\/www.ildammuso.com\\\/wp-content\\\/uploads\\\/2022\\\/06\\\/logo-ildammuso.jpg\",\"contentUrl\":\"https:\\\/\\\/www.ildammuso.com\\\/wp-content\\\/uploads\\\/2022\\\/06\\\/logo-ildammuso.jpg\",\"width\":426,\"height\":395,\"caption\":\"Il Dammuso\"},\"image\":{\"@id\":\"https:\\\/\\\/www.ildammuso.com\\\/it\\\/#\\\/schema\\\/logo\\\/image\\\/\"},\"sameAs\":[\"https:\\\/\\\/www.facebook.com\\\/ildammusodipantelleria\\\/\",\"https:\\\/\\\/www.instagram.com\\\/ildammusogram\\\/\"]},{\"@type\":\"Person\",\"@id\":\"https:\\\/\\\/www.ildammuso.com\\\/it\\\/#\\\/schema\\\/person\\\/a97bc2634c1ae772b6efbb07fef2b3a8\",\"name\":\"claudia\",\"image\":{\"@type\":\"ImageObject\",\"inLanguage\":\"it-IT\",\"@id\":\"https:\\\/\\\/secure.gravatar.com\\\/avatar\\\/bfa9e85032faeaffeaaafd48c7c09ad8da852ff133d8361db8721aff28093ebe?s=96&d=mm&r=g\",\"url\":\"https:\\\/\\\/secure.gravatar.com\\\/avatar\\\/bfa9e85032faeaffeaaafd48c7c09ad8da852ff133d8361db8721aff28093ebe?s=96&d=mm&r=g\",\"contentUrl\":\"https:\\\/\\\/secure.gravatar.com\\\/avatar\\\/bfa9e85032faeaffeaaafd48c7c09ad8da852ff133d8361db8721aff28093ebe?s=96&d=mm&r=g\",\"caption\":\"claudia\"}}]}<\/script>\n<!-- \/ Yoast SEO plugin. -->","yoast_head_json":{"title":"Primavera a Pantelleria | Il Dammuso","description":"\"A Pantelleria \u00e8 primavera\": leggi l'articolo completo nel blog de Il Dammuso! Luce, odori e magia in primavera a Pantelleria","robots":{"index":"index","follow":"follow","max-snippet":"max-snippet:-1","max-image-preview":"max-image-preview:large","max-video-preview":"max-video-preview:-1"},"canonical":"https:\/\/www.ildammuso.com\/it\/primavera-a-pantelleria\/","og_locale":"it_IT","og_type":"article","og_title":"Primavera a Pantelleria | Il Dammuso","og_description":"\"A Pantelleria \u00e8 primavera\": leggi l'articolo completo nel blog de Il Dammuso! Luce, odori e magia in primavera a Pantelleria","og_url":"https:\/\/www.ildammuso.com\/it\/primavera-a-pantelleria\/","og_site_name":"Il Dammuso","article_publisher":"https:\/\/www.facebook.com\/ildammusodipantelleria\/","article_published_time":"2025-04-05T08:57:21+00:00","article_modified_time":"2025-04-05T08:57:26+00:00","og_image":[{"width":1728,"height":1256,"url":"https:\/\/storage1254.cdn-immedia.net\/wp-content\/uploads\/2025\/04\/sataria_elicrisio.jpg","type":"image\/jpeg"}],"author":"claudia","twitter_card":"summary_large_image","twitter_misc":{"Scritto da":"claudia","Tempo di lettura stimato":"2 minuti"},"schema":{"@context":"https:\/\/schema.org","@graph":[{"@type":"Article","@id":"https:\/\/www.ildammuso.com\/it\/primavera-a-pantelleria\/#article","isPartOf":{"@id":"https:\/\/www.ildammuso.com\/it\/primavera-a-pantelleria\/"},"author":{"name":"claudia","@id":"https:\/\/www.ildammuso.com\/it\/#\/schema\/person\/a97bc2634c1ae772b6efbb07fef2b3a8"},"headline":"Primavera a Pantelleria","datePublished":"2025-04-05T08:57:21+00:00","dateModified":"2025-04-05T08:57:26+00:00","mainEntityOfPage":{"@id":"https:\/\/www.ildammuso.com\/it\/primavera-a-pantelleria\/"},"wordCount":260,"publisher":{"@id":"https:\/\/www.ildammuso.com\/it\/#organization"},"image":{"@id":"https:\/\/www.ildammuso.com\/it\/primavera-a-pantelleria\/#primaryimage"},"thumbnailUrl":"https:\/\/storage1254.cdn-immedia.net\/wp-content\/uploads\/2025\/04\/sataria_elicrisio.jpg","keywords":["mattina","gioco","zucca","monte","scoperta","lago","ildammuso","isola","pantelleria"],"articleSection":["Pantelleria, l'isola"],"inLanguage":"it-IT"},{"@type":"WebPage","@id":"https:\/\/www.ildammuso.com\/it\/primavera-a-pantelleria\/","url":"https:\/\/www.ildammuso.com\/it\/primavera-a-pantelleria\/","name":"Primavera a Pantelleria | Il Dammuso","isPartOf":{"@id":"https:\/\/www.ildammuso.com\/it\/#website"},"primaryImageOfPage":{"@id":"https:\/\/www.ildammuso.com\/it\/primavera-a-pantelleria\/#primaryimage"},"image":{"@id":"https:\/\/www.ildammuso.com\/it\/primavera-a-pantelleria\/#primaryimage"},"thumbnailUrl":"https:\/\/storage1254.cdn-immedia.net\/wp-content\/uploads\/2025\/04\/sataria_elicrisio.jpg","datePublished":"2025-04-05T08:57:21+00:00","dateModified":"2025-04-05T08:57:26+00:00","description":"\"A Pantelleria \u00e8 primavera\": leggi l'articolo completo nel blog de Il Dammuso! Luce, odori e magia in primavera a Pantelleria","breadcrumb":{"@id":"https:\/\/www.ildammuso.com\/it\/primavera-a-pantelleria\/#breadcrumb"},"inLanguage":"it-IT","potentialAction":[{"@type":"ReadAction","target":["https:\/\/www.ildammuso.com\/it\/primavera-a-pantelleria\/"]}]},{"@type":"ImageObject","inLanguage":"it-IT","@id":"https:\/\/www.ildammuso.com\/it\/primavera-a-pantelleria\/#primaryimage","url":"https:\/\/storage1254.cdn-immedia.net\/wp-content\/uploads\/2025\/04\/sataria_elicrisio.jpg","contentUrl":"https:\/\/storage1254.cdn-immedia.net\/wp-content\/uploads\/2025\/04\/sataria_elicrisio.jpg","width":1728,"height":1256,"caption":"elicrisio pantelleria"},{"@type":"BreadcrumbList","@id":"https:\/\/www.ildammuso.com\/it\/primavera-a-pantelleria\/#breadcrumb","itemListElement":[{"@type":"ListItem","position":1,"name":"Home","item":"https:\/\/www.ildammuso.com\/it\/"},{"@type":"ListItem","position":2,"name":"&nbsp;"}]},{"@type":"WebSite","@id":"https:\/\/www.ildammuso.com\/it\/#website","url":"https:\/\/www.ildammuso.com\/it\/","name":"Il Dammuso","description":"Il tuo Dammuso a Pantelleria","publisher":{"@id":"https:\/\/www.ildammuso.com\/it\/#organization"},"potentialAction":[{"@type":"SearchAction","target":{"@type":"EntryPoint","urlTemplate":"https:\/\/www.ildammuso.com\/it\/?s={search_term_string}"},"query-input":{"@type":"PropertyValueSpecification","valueRequired":true,"valueName":"search_term_string"}}],"inLanguage":"it-IT"},{"@type":"Organization","@id":"https:\/\/www.ildammuso.com\/it\/#organization","name":"Il Dammuso","url":"https:\/\/www.ildammuso.com\/it\/","logo":{"@type":"ImageObject","inLanguage":"it-IT","@id":"https:\/\/www.ildammuso.com\/it\/#\/schema\/logo\/image\/","url":"https:\/\/storage1254.cdn-immedia.net\/wp-content\/uploads\/2022\/06\/logo-ildammuso.jpg","contentUrl":"https:\/\/storage1254.cdn-immedia.net\/wp-content\/uploads\/2022\/06\/logo-ildammuso.jpg","width":426,"height":395,"caption":"Il Dammuso"},"image":{"@id":"https:\/\/www.ildammuso.com\/it\/#\/schema\/logo\/image\/"},"sameAs":["https:\/\/www.facebook.com\/ildammusodipantelleria\/","https:\/\/www.instagram.com\/ildammusogram\/"]},{"@type":"Person","@id":"https:\/\/www.ildammuso.com\/it\/#\/schema\/person\/a97bc2634c1ae772b6efbb07fef2b3a8","name":"claudia","image":{"@type":"ImageObject","inLanguage":"it-IT","@id":"https:\/\/secure.gravatar.com\/avatar\/bfa9e85032faeaffeaaafd48c7c09ad8da852ff133d8361db8721aff28093ebe?s=96&d=mm&r=g","url":"https:\/\/secure.gravatar.com\/avatar\/bfa9e85032faeaffeaaafd48c7c09ad8da852ff133d8361db8721aff28093ebe?s=96&d=mm&r=g","contentUrl":"https:\/\/secure.gravatar.com\/avatar\/bfa9e85032faeaffeaaafd48c7c09ad8da852ff133d8361db8721aff28093ebe?s=96&d=mm&r=g","caption":"claudia"}}]}},"_links":{"self":[{"href":"https:\/\/www.ildammuso.com\/it\/wp-json\/wp\/v2\/posts\/27559","targetHints":{"allow":["GET"]}}],"collection":[{"href":"https:\/\/www.ildammuso.com\/it\/wp-json\/wp\/v2\/posts"}],"about":[{"href":"https:\/\/www.ildammuso.com\/it\/wp-json\/wp\/v2\/types\/post"}],"author":[{"embeddable":true,"href":"https:\/\/www.ildammuso.com\/it\/wp-json\/wp\/v2\/users\/3"}],"replies":[{"embeddable":true,"href":"https:\/\/www.ildammuso.com\/it\/wp-json\/wp\/v2\/comments?post=27559"}],"version-history":[{"count":1,"href":"https:\/\/www.ildammuso.com\/it\/wp-json\/wp\/v2\/posts\/27559\/revisions"}],"predecessor-version":[{"id":27562,"href":"https:\/\/www.ildammuso.com\/it\/wp-json\/wp\/v2\/posts\/27559\/revisions\/27562"}],"wp:featuredmedia":[{"embeddable":true,"href":"https:\/\/www.ildammuso.com\/it\/wp-json\/wp\/v2\/media\/27560"}],"wp:attachment":[{"href":"https:\/\/www.ildammuso.com\/it\/wp-json\/wp\/v2\/media?parent=27559"}],"wp:term":[{"taxonomy":"category","embeddable":true,"href":"https:\/\/www.ildammuso.com\/it\/wp-json\/wp\/v2\/categories?post=27559"},{"taxonomy":"post_tag","embeddable":true,"href":"https:\/\/www.ildammuso.com\/it\/wp-json\/wp\/v2\/tags?post=27559"}],"curies":[{"name":"wp","href":"https:\/\/api.w.org\/{rel}","templated":true}]}}