{"id":27681,"date":"2025-04-19T11:20:23","date_gmt":"2025-04-19T09:20:23","guid":{"rendered":"https:\/\/www.ildammuso.com\/?p=27681"},"modified":"2025-04-19T11:20:27","modified_gmt":"2025-04-19T09:20:27","slug":"pantelleria-isola-autentica-tra-vento-pietra-lavica-e-silenzi","status":"publish","type":"post","link":"https:\/\/www.ildammuso.com\/it\/pantelleria-isola-autentica-tra-vento-pietra-lavica-e-silenzi\/","title":{"rendered":"Pantelleria, isola autentica tra vento, pietra lavica e silenzi"},"content":{"rendered":"\n<p>Pantelleria \u00e8 un\u2019isola unica, fiera e selvaggia. Una femmina di mezza et\u00e0, bellissima, vissuta, elegante nella sua ruvida semplicit\u00e0. \u00c8 una terra che non si svende, ma si dona solo a chi ha occhi, cuore e tempo per ascoltarla davvero.<\/p>\n\n\n\n<p>Da sempre adulata, desiderata e raccontata, Pantelleria \u00e8 un luogo dove il vento soffia tra i muretti a secco, i capperi resistono cocciuti tra le rocce e i tramonti fanno nascere poesie anche nei cuori pi\u00f9 silenziosi.<\/p>\n\n\n\n<p>Chi cerca un\u2019esperienza autentica trover\u00e0 a Pantelleria un ritmo lento, naturale, fatto di respiri lunghi e momenti sospesi. Qui, la lentezza \u00e8 un valore: come il vapore delle acque termali che sale leggero dalla terra, o come la rugiada del mattino che si posa dolcemente sulle foglie.<\/p>\n\n\n\n<p>Pantelleria \u00e8 un rifugio per l\u2019anima. I suoi <strong>dammusi<\/strong>, abitazioni in pietra lavica tipiche dell\u2019isola, raccontano storie antiche. Entrarvi \u00e8 come essere accolti da mani generose che hanno memoria di secoli. Qui ogni dettaglio ha un significato, ogni silenzio una profondit\u00e0.<\/p>\n\n\n\n<p>Questa <strong>isola del turismo lento<\/strong> ha bisogno di viaggiatori consapevoli: persone curiose, rispettose, capaci di vivere un luogo senza consumarlo. Il viaggio a Pantelleria \u00e8 per chi desidera toccare la terra con mani sincere, assaggiare capperi appena colti, bere un passito guardando il mare.<\/p>\n\n\n\n<p>Pantelleria \u00e8 una linea continua tra passato e presente. Come una donna che ha scelto la propria strada, che ha imparato a dire s\u00ec e a dire no, che cammina oggi con la stessa dignit\u00e0 di ieri.<\/p>\n\n\n\n<p>A Pantelleria auguro un turismo che non corra, ma che si fermi. Un turismo che non si limiti a scattare, ma che scelga di ascoltare: i racconti degli anziani, il rumore del vento, il profumo della terra.<\/p>\n\n\n\n<p>Perch\u00e9 oggi, pi\u00f9 che mai, abbiamo bisogno di luoghi che ci ricordino chi siamo. E Pantelleria, con la sua bellezza silenziosa, lo fa senza sforzo.davvero.<\/p>\n\n\n\n<p><\/p>\n","protected":false},"excerpt":{"rendered":"<p>Pantelleria \u00e8 un\u2019isola unica, fiera e selvaggia. Una femmina di [&hellip;]<\/p>\n","protected":false},"author":3,"featured_media":27682,"comment_status":"closed","ping_status":"closed","sticky":false,"template":"","format":"standard","meta":{"_acf_changed":false,"footnotes":""},"categories":[446],"tags":[1663,1655,1656,1657,1658,1659,1660,1661,1662,1599,1583,1533,1460,1262,1041,858,860,228,92,91],"class_list":["post-27681","post","type-post","status-publish","format-standard","has-post-thumbnail","hentry","category-pantelleria-lisola","tag-capperi-passito","tag-vento-pietra","tag-silenzi","tag-selvaggia","tag-donna","tag-femmina","tag-cuore-tempo","tag-rugiada","tag-foglia","tag-terme","tag-vapore","tag-poesia-2","tag-lentezza-2","tag-lava","tag-terra-2","tag-island-2","tag-turismo","tag-ildammuso","tag-isola","tag-pantelleria"],"acf":[],"yoast_head":"<!-- This site is optimized with the Yoast SEO plugin v27.4 - https:\/\/yoast.com\/product\/yoast-seo-wordpress\/ -->\n<title>Pantelleria, isola autentica tra vento, pietra lavica e silenzi | Il Dammuso<\/title>\n<meta name=\"description\" content=\"&quot;Un racconto intimo e autentico di Pantelleria, isola fiera e selvaggia. Un invito al turismo lento, fatto di vento, pietra e storie che sanno toccare l\u2019anima.&quot;: leggi l&#039;articolo completo nel blog de Il Dammuso!\" \/>\n<meta name=\"robots\" content=\"index, follow, max-snippet:-1, max-image-preview:large, max-video-preview:-1\" \/>\n<link rel=\"canonical\" href=\"https:\/\/www.ildammuso.com\/it\/pantelleria-isola-autentica-tra-vento-pietra-lavica-e-silenzi\/\" \/>\n<meta property=\"og:locale\" content=\"it_IT\" \/>\n<meta property=\"og:type\" content=\"article\" \/>\n<meta property=\"og:title\" content=\"Pantelleria, isola autentica tra vento, pietra lavica e silenzi | Il Dammuso\" \/>\n<meta property=\"og:description\" content=\"&quot;Un racconto intimo e autentico di Pantelleria, isola fiera e selvaggia. Un invito al turismo lento, fatto di vento, pietra e storie che sanno toccare l\u2019anima.&quot;: leggi l&#039;articolo completo nel blog de Il Dammuso!\" \/>\n<meta property=\"og:url\" content=\"https:\/\/www.ildammuso.com\/it\/pantelleria-isola-autentica-tra-vento-pietra-lavica-e-silenzi\/\" \/>\n<meta property=\"og:site_name\" content=\"Il Dammuso\" \/>\n<meta property=\"article:publisher\" content=\"https:\/\/www.facebook.com\/ildammusodipantelleria\/\" \/>\n<meta property=\"article:published_time\" content=\"2025-04-19T09:20:23+00:00\" \/>\n<meta property=\"article:modified_time\" content=\"2025-04-19T09:20:27+00:00\" \/>\n<meta property=\"og:image\" content=\"https:\/\/storage1254.cdn-immedia.net\/wp-content\/uploads\/2025\/04\/lettera-pantelleria-scaled.jpg\" \/>\n\t<meta property=\"og:image:width\" content=\"2560\" \/>\n\t<meta property=\"og:image:height\" content=\"1440\" \/>\n\t<meta property=\"og:image:type\" content=\"image\/jpeg\" \/>\n<meta name=\"author\" content=\"claudia\" \/>\n<meta name=\"twitter:card\" content=\"summary_large_image\" \/>\n<meta name=\"twitter:label1\" content=\"Scritto da\" \/>\n\t<meta name=\"twitter:data1\" content=\"claudia\" \/>\n\t<meta name=\"twitter:label2\" content=\"Tempo di lettura stimato\" \/>\n\t<meta name=\"twitter:data2\" content=\"2 minuti\" \/>\n<script type=\"application\/ld+json\" class=\"yoast-schema-graph\">{\"@context\":\"https:\\\/\\\/schema.org\",\"@graph\":[{\"@type\":\"Article\",\"@id\":\"https:\\\/\\\/www.ildammuso.com\\\/it\\\/pantelleria-isola-autentica-tra-vento-pietra-lavica-e-silenzi\\\/#article\",\"isPartOf\":{\"@id\":\"https:\\\/\\\/www.ildammuso.com\\\/it\\\/pantelleria-isola-autentica-tra-vento-pietra-lavica-e-silenzi\\\/\"},\"author\":{\"name\":\"claudia\",\"@id\":\"https:\\\/\\\/www.ildammuso.com\\\/it\\\/#\\\/schema\\\/person\\\/a97bc2634c1ae772b6efbb07fef2b3a8\"},\"headline\":\"Pantelleria, isola autentica tra vento, pietra lavica e silenzi\",\"datePublished\":\"2025-04-19T09:20:23+00:00\",\"dateModified\":\"2025-04-19T09:20:27+00:00\",\"mainEntityOfPage\":{\"@id\":\"https:\\\/\\\/www.ildammuso.com\\\/it\\\/pantelleria-isola-autentica-tra-vento-pietra-lavica-e-silenzi\\\/\"},\"wordCount\":314,\"publisher\":{\"@id\":\"https:\\\/\\\/www.ildammuso.com\\\/it\\\/#organization\"},\"image\":{\"@id\":\"https:\\\/\\\/www.ildammuso.com\\\/it\\\/pantelleria-isola-autentica-tra-vento-pietra-lavica-e-silenzi\\\/#primaryimage\"},\"thumbnailUrl\":\"https:\\\/\\\/www.ildammuso.com\\\/wp-content\\\/uploads\\\/2025\\\/04\\\/lettera-pantelleria-scaled.jpg\",\"keywords\":[\"capperi passito\",\"vento pietra\",\"silenzi\",\"selvaggia\",\"donna\",\"femmina\",\"cuore tempo\",\"rugiada\",\"foglia\",\"terme\",\"vapore\",\"poesia\",\"lentezza\",\"lava\",\"terra\",\"island\",\"turismo\",\"ildammuso\",\"isola\",\"pantelleria\"],\"articleSection\":[\"Pantelleria, l'isola\"],\"inLanguage\":\"it-IT\"},{\"@type\":\"WebPage\",\"@id\":\"https:\\\/\\\/www.ildammuso.com\\\/it\\\/pantelleria-isola-autentica-tra-vento-pietra-lavica-e-silenzi\\\/\",\"url\":\"https:\\\/\\\/www.ildammuso.com\\\/it\\\/pantelleria-isola-autentica-tra-vento-pietra-lavica-e-silenzi\\\/\",\"name\":\"Pantelleria, isola autentica tra vento, pietra lavica e silenzi | Il Dammuso\",\"isPartOf\":{\"@id\":\"https:\\\/\\\/www.ildammuso.com\\\/it\\\/#website\"},\"primaryImageOfPage\":{\"@id\":\"https:\\\/\\\/www.ildammuso.com\\\/it\\\/pantelleria-isola-autentica-tra-vento-pietra-lavica-e-silenzi\\\/#primaryimage\"},\"image\":{\"@id\":\"https:\\\/\\\/www.ildammuso.com\\\/it\\\/pantelleria-isola-autentica-tra-vento-pietra-lavica-e-silenzi\\\/#primaryimage\"},\"thumbnailUrl\":\"https:\\\/\\\/www.ildammuso.com\\\/wp-content\\\/uploads\\\/2025\\\/04\\\/lettera-pantelleria-scaled.jpg\",\"datePublished\":\"2025-04-19T09:20:23+00:00\",\"dateModified\":\"2025-04-19T09:20:27+00:00\",\"description\":\"\\\"Un racconto intimo e autentico di Pantelleria, isola fiera e selvaggia. Un invito al turismo lento, fatto di vento, pietra e storie che sanno toccare l\u2019anima.\\\": leggi l'articolo completo nel blog de Il Dammuso!\",\"breadcrumb\":{\"@id\":\"https:\\\/\\\/www.ildammuso.com\\\/it\\\/pantelleria-isola-autentica-tra-vento-pietra-lavica-e-silenzi\\\/#breadcrumb\"},\"inLanguage\":\"it-IT\",\"potentialAction\":[{\"@type\":\"ReadAction\",\"target\":[\"https:\\\/\\\/www.ildammuso.com\\\/it\\\/pantelleria-isola-autentica-tra-vento-pietra-lavica-e-silenzi\\\/\"]}]},{\"@type\":\"ImageObject\",\"inLanguage\":\"it-IT\",\"@id\":\"https:\\\/\\\/www.ildammuso.com\\\/it\\\/pantelleria-isola-autentica-tra-vento-pietra-lavica-e-silenzi\\\/#primaryimage\",\"url\":\"https:\\\/\\\/www.ildammuso.com\\\/wp-content\\\/uploads\\\/2025\\\/04\\\/lettera-pantelleria-scaled.jpg\",\"contentUrl\":\"https:\\\/\\\/www.ildammuso.com\\\/wp-content\\\/uploads\\\/2025\\\/04\\\/lettera-pantelleria-scaled.jpg\",\"width\":2560,\"height\":1440,\"caption\":\"DCIM100MEDIADJI_0344.JPG\"},{\"@type\":\"BreadcrumbList\",\"@id\":\"https:\\\/\\\/www.ildammuso.com\\\/it\\\/pantelleria-isola-autentica-tra-vento-pietra-lavica-e-silenzi\\\/#breadcrumb\",\"itemListElement\":[{\"@type\":\"ListItem\",\"position\":1,\"name\":\"Home\",\"item\":\"https:\\\/\\\/www.ildammuso.com\\\/it\\\/\"},{\"@type\":\"ListItem\",\"position\":2,\"name\":\"&nbsp;\"}]},{\"@type\":\"WebSite\",\"@id\":\"https:\\\/\\\/www.ildammuso.com\\\/it\\\/#website\",\"url\":\"https:\\\/\\\/www.ildammuso.com\\\/it\\\/\",\"name\":\"Il Dammuso\",\"description\":\"Il tuo Dammuso a Pantelleria\",\"publisher\":{\"@id\":\"https:\\\/\\\/www.ildammuso.com\\\/it\\\/#organization\"},\"potentialAction\":[{\"@type\":\"SearchAction\",\"target\":{\"@type\":\"EntryPoint\",\"urlTemplate\":\"https:\\\/\\\/www.ildammuso.com\\\/it\\\/?s={search_term_string}\"},\"query-input\":{\"@type\":\"PropertyValueSpecification\",\"valueRequired\":true,\"valueName\":\"search_term_string\"}}],\"inLanguage\":\"it-IT\"},{\"@type\":\"Organization\",\"@id\":\"https:\\\/\\\/www.ildammuso.com\\\/it\\\/#organization\",\"name\":\"Il Dammuso\",\"url\":\"https:\\\/\\\/www.ildammuso.com\\\/it\\\/\",\"logo\":{\"@type\":\"ImageObject\",\"inLanguage\":\"it-IT\",\"@id\":\"https:\\\/\\\/www.ildammuso.com\\\/it\\\/#\\\/schema\\\/logo\\\/image\\\/\",\"url\":\"https:\\\/\\\/www.ildammuso.com\\\/wp-content\\\/uploads\\\/2022\\\/06\\\/logo-ildammuso.jpg\",\"contentUrl\":\"https:\\\/\\\/www.ildammuso.com\\\/wp-content\\\/uploads\\\/2022\\\/06\\\/logo-ildammuso.jpg\",\"width\":426,\"height\":395,\"caption\":\"Il Dammuso\"},\"image\":{\"@id\":\"https:\\\/\\\/www.ildammuso.com\\\/it\\\/#\\\/schema\\\/logo\\\/image\\\/\"},\"sameAs\":[\"https:\\\/\\\/www.facebook.com\\\/ildammusodipantelleria\\\/\",\"https:\\\/\\\/www.instagram.com\\\/ildammusogram\\\/\"]},{\"@type\":\"Person\",\"@id\":\"https:\\\/\\\/www.ildammuso.com\\\/it\\\/#\\\/schema\\\/person\\\/a97bc2634c1ae772b6efbb07fef2b3a8\",\"name\":\"claudia\",\"image\":{\"@type\":\"ImageObject\",\"inLanguage\":\"it-IT\",\"@id\":\"https:\\\/\\\/secure.gravatar.com\\\/avatar\\\/bfa9e85032faeaffeaaafd48c7c09ad8da852ff133d8361db8721aff28093ebe?s=96&d=mm&r=g\",\"url\":\"https:\\\/\\\/secure.gravatar.com\\\/avatar\\\/bfa9e85032faeaffeaaafd48c7c09ad8da852ff133d8361db8721aff28093ebe?s=96&d=mm&r=g\",\"contentUrl\":\"https:\\\/\\\/secure.gravatar.com\\\/avatar\\\/bfa9e85032faeaffeaaafd48c7c09ad8da852ff133d8361db8721aff28093ebe?s=96&d=mm&r=g\",\"caption\":\"claudia\"}}]}<\/script>\n<!-- \/ Yoast SEO plugin. -->","yoast_head_json":{"title":"Pantelleria, isola autentica tra vento, pietra lavica e silenzi | Il Dammuso","description":"\"Un racconto intimo e autentico di Pantelleria, isola fiera e selvaggia. Un invito al turismo lento, fatto di vento, pietra e storie che sanno toccare l\u2019anima.\": leggi l'articolo completo nel blog de Il Dammuso!","robots":{"index":"index","follow":"follow","max-snippet":"max-snippet:-1","max-image-preview":"max-image-preview:large","max-video-preview":"max-video-preview:-1"},"canonical":"https:\/\/www.ildammuso.com\/it\/pantelleria-isola-autentica-tra-vento-pietra-lavica-e-silenzi\/","og_locale":"it_IT","og_type":"article","og_title":"Pantelleria, isola autentica tra vento, pietra lavica e silenzi | Il Dammuso","og_description":"\"Un racconto intimo e autentico di Pantelleria, isola fiera e selvaggia. Un invito al turismo lento, fatto di vento, pietra e storie che sanno toccare l\u2019anima.\": leggi l'articolo completo nel blog de Il Dammuso!","og_url":"https:\/\/www.ildammuso.com\/it\/pantelleria-isola-autentica-tra-vento-pietra-lavica-e-silenzi\/","og_site_name":"Il Dammuso","article_publisher":"https:\/\/www.facebook.com\/ildammusodipantelleria\/","article_published_time":"2025-04-19T09:20:23+00:00","article_modified_time":"2025-04-19T09:20:27+00:00","og_image":[{"width":2560,"height":1440,"url":"https:\/\/storage1254.cdn-immedia.net\/wp-content\/uploads\/2025\/04\/lettera-pantelleria-scaled.jpg","type":"image\/jpeg"}],"author":"claudia","twitter_card":"summary_large_image","twitter_misc":{"Scritto da":"claudia","Tempo di lettura stimato":"2 minuti"},"schema":{"@context":"https:\/\/schema.org","@graph":[{"@type":"Article","@id":"https:\/\/www.ildammuso.com\/it\/pantelleria-isola-autentica-tra-vento-pietra-lavica-e-silenzi\/#article","isPartOf":{"@id":"https:\/\/www.ildammuso.com\/it\/pantelleria-isola-autentica-tra-vento-pietra-lavica-e-silenzi\/"},"author":{"name":"claudia","@id":"https:\/\/www.ildammuso.com\/it\/#\/schema\/person\/a97bc2634c1ae772b6efbb07fef2b3a8"},"headline":"Pantelleria, isola autentica tra vento, pietra lavica e silenzi","datePublished":"2025-04-19T09:20:23+00:00","dateModified":"2025-04-19T09:20:27+00:00","mainEntityOfPage":{"@id":"https:\/\/www.ildammuso.com\/it\/pantelleria-isola-autentica-tra-vento-pietra-lavica-e-silenzi\/"},"wordCount":314,"publisher":{"@id":"https:\/\/www.ildammuso.com\/it\/#organization"},"image":{"@id":"https:\/\/www.ildammuso.com\/it\/pantelleria-isola-autentica-tra-vento-pietra-lavica-e-silenzi\/#primaryimage"},"thumbnailUrl":"https:\/\/storage1254.cdn-immedia.net\/wp-content\/uploads\/2025\/04\/lettera-pantelleria-scaled.jpg","keywords":["capperi passito","vento pietra","silenzi","selvaggia","donna","femmina","cuore tempo","rugiada","foglia","terme","vapore","poesia","lentezza","lava","terra","island","turismo","ildammuso","isola","pantelleria"],"articleSection":["Pantelleria, l'isola"],"inLanguage":"it-IT"},{"@type":"WebPage","@id":"https:\/\/www.ildammuso.com\/it\/pantelleria-isola-autentica-tra-vento-pietra-lavica-e-silenzi\/","url":"https:\/\/www.ildammuso.com\/it\/pantelleria-isola-autentica-tra-vento-pietra-lavica-e-silenzi\/","name":"Pantelleria, isola autentica tra vento, pietra lavica e silenzi | Il Dammuso","isPartOf":{"@id":"https:\/\/www.ildammuso.com\/it\/#website"},"primaryImageOfPage":{"@id":"https:\/\/www.ildammuso.com\/it\/pantelleria-isola-autentica-tra-vento-pietra-lavica-e-silenzi\/#primaryimage"},"image":{"@id":"https:\/\/www.ildammuso.com\/it\/pantelleria-isola-autentica-tra-vento-pietra-lavica-e-silenzi\/#primaryimage"},"thumbnailUrl":"https:\/\/storage1254.cdn-immedia.net\/wp-content\/uploads\/2025\/04\/lettera-pantelleria-scaled.jpg","datePublished":"2025-04-19T09:20:23+00:00","dateModified":"2025-04-19T09:20:27+00:00","description":"\"Un racconto intimo e autentico di Pantelleria, isola fiera e selvaggia. Un invito al turismo lento, fatto di vento, pietra e storie che sanno toccare l\u2019anima.\": leggi l'articolo completo nel blog de Il Dammuso!","breadcrumb":{"@id":"https:\/\/www.ildammuso.com\/it\/pantelleria-isola-autentica-tra-vento-pietra-lavica-e-silenzi\/#breadcrumb"},"inLanguage":"it-IT","potentialAction":[{"@type":"ReadAction","target":["https:\/\/www.ildammuso.com\/it\/pantelleria-isola-autentica-tra-vento-pietra-lavica-e-silenzi\/"]}]},{"@type":"ImageObject","inLanguage":"it-IT","@id":"https:\/\/www.ildammuso.com\/it\/pantelleria-isola-autentica-tra-vento-pietra-lavica-e-silenzi\/#primaryimage","url":"https:\/\/storage1254.cdn-immedia.net\/wp-content\/uploads\/2025\/04\/lettera-pantelleria-scaled.jpg","contentUrl":"https:\/\/storage1254.cdn-immedia.net\/wp-content\/uploads\/2025\/04\/lettera-pantelleria-scaled.jpg","width":2560,"height":1440,"caption":"DCIM100MEDIADJI_0344.JPG"},{"@type":"BreadcrumbList","@id":"https:\/\/www.ildammuso.com\/it\/pantelleria-isola-autentica-tra-vento-pietra-lavica-e-silenzi\/#breadcrumb","itemListElement":[{"@type":"ListItem","position":1,"name":"Home","item":"https:\/\/www.ildammuso.com\/it\/"},{"@type":"ListItem","position":2,"name":"&nbsp;"}]},{"@type":"WebSite","@id":"https:\/\/www.ildammuso.com\/it\/#website","url":"https:\/\/www.ildammuso.com\/it\/","name":"Il Dammuso","description":"Il tuo Dammuso a Pantelleria","publisher":{"@id":"https:\/\/www.ildammuso.com\/it\/#organization"},"potentialAction":[{"@type":"SearchAction","target":{"@type":"EntryPoint","urlTemplate":"https:\/\/www.ildammuso.com\/it\/?s={search_term_string}"},"query-input":{"@type":"PropertyValueSpecification","valueRequired":true,"valueName":"search_term_string"}}],"inLanguage":"it-IT"},{"@type":"Organization","@id":"https:\/\/www.ildammuso.com\/it\/#organization","name":"Il Dammuso","url":"https:\/\/www.ildammuso.com\/it\/","logo":{"@type":"ImageObject","inLanguage":"it-IT","@id":"https:\/\/www.ildammuso.com\/it\/#\/schema\/logo\/image\/","url":"https:\/\/storage1254.cdn-immedia.net\/wp-content\/uploads\/2022\/06\/logo-ildammuso.jpg","contentUrl":"https:\/\/storage1254.cdn-immedia.net\/wp-content\/uploads\/2022\/06\/logo-ildammuso.jpg","width":426,"height":395,"caption":"Il Dammuso"},"image":{"@id":"https:\/\/www.ildammuso.com\/it\/#\/schema\/logo\/image\/"},"sameAs":["https:\/\/www.facebook.com\/ildammusodipantelleria\/","https:\/\/www.instagram.com\/ildammusogram\/"]},{"@type":"Person","@id":"https:\/\/www.ildammuso.com\/it\/#\/schema\/person\/a97bc2634c1ae772b6efbb07fef2b3a8","name":"claudia","image":{"@type":"ImageObject","inLanguage":"it-IT","@id":"https:\/\/secure.gravatar.com\/avatar\/bfa9e85032faeaffeaaafd48c7c09ad8da852ff133d8361db8721aff28093ebe?s=96&d=mm&r=g","url":"https:\/\/secure.gravatar.com\/avatar\/bfa9e85032faeaffeaaafd48c7c09ad8da852ff133d8361db8721aff28093ebe?s=96&d=mm&r=g","contentUrl":"https:\/\/secure.gravatar.com\/avatar\/bfa9e85032faeaffeaaafd48c7c09ad8da852ff133d8361db8721aff28093ebe?s=96&d=mm&r=g","caption":"claudia"}}]}},"_links":{"self":[{"href":"https:\/\/www.ildammuso.com\/it\/wp-json\/wp\/v2\/posts\/27681","targetHints":{"allow":["GET"]}}],"collection":[{"href":"https:\/\/www.ildammuso.com\/it\/wp-json\/wp\/v2\/posts"}],"about":[{"href":"https:\/\/www.ildammuso.com\/it\/wp-json\/wp\/v2\/types\/post"}],"author":[{"embeddable":true,"href":"https:\/\/www.ildammuso.com\/it\/wp-json\/wp\/v2\/users\/3"}],"replies":[{"embeddable":true,"href":"https:\/\/www.ildammuso.com\/it\/wp-json\/wp\/v2\/comments?post=27681"}],"version-history":[{"count":1,"href":"https:\/\/www.ildammuso.com\/it\/wp-json\/wp\/v2\/posts\/27681\/revisions"}],"predecessor-version":[{"id":27684,"href":"https:\/\/www.ildammuso.com\/it\/wp-json\/wp\/v2\/posts\/27681\/revisions\/27684"}],"wp:featuredmedia":[{"embeddable":true,"href":"https:\/\/www.ildammuso.com\/it\/wp-json\/wp\/v2\/media\/27682"}],"wp:attachment":[{"href":"https:\/\/www.ildammuso.com\/it\/wp-json\/wp\/v2\/media?parent=27681"}],"wp:term":[{"taxonomy":"category","embeddable":true,"href":"https:\/\/www.ildammuso.com\/it\/wp-json\/wp\/v2\/categories?post=27681"},{"taxonomy":"post_tag","embeddable":true,"href":"https:\/\/www.ildammuso.com\/it\/wp-json\/wp\/v2\/tags?post=27681"}],"curies":[{"name":"wp","href":"https:\/\/api.w.org\/{rel}","templated":true}]}}