{"id":27743,"date":"2025-04-25T10:44:38","date_gmt":"2025-04-25T08:44:38","guid":{"rendered":"https:\/\/www.ildammuso.com\/?p=27743"},"modified":"2025-04-25T10:44:43","modified_gmt":"2025-04-25T08:44:43","slug":"giorno-della-liberazione-una-camminata-verso-il-mare-di-pantelleria","status":"publish","type":"post","link":"https:\/\/www.ildammuso.com\/it\/giorno-della-liberazione-una-camminata-verso-il-mare-di-pantelleria\/","title":{"rendered":"Giorno della Liberazione: una camminata verso il mare di Pantelleria"},"content":{"rendered":"\n<p>Il tempo oggi non \u00e8 dei migliori, ma il mare di Cala Nik\u00e0 non \u00e8 lontano da casa. Camminare, qui, \u00e8 una cura. Prendo poche cose in fretta, prima che qualcosa mi faccia cambiare idea. Devo andare.<\/p>\n\n\n\n<p>La salita mette il cuore in gola, ma non \u00e8 la fatica. \u00c8 quella strana allegria che arriva quando stai facendo qualcosa che ti assomiglia. La discesa \u00e8 veloce, quasi inevitabile. Gi\u00e0 da lontano vedo la costa, vuota, bellissima. Nessuno in giro. Solo io, e il mio scoglio.<\/p>\n\n\n\n<p>E mentre cammino, ripenso a quella frase sentita giorni fa:<br><strong>\u201cMi raccomando, quando vai via lascia la chiave sulla nicchia, tanto qui non tocca niente nessuno.\u201d<\/strong><\/p>\n\n\n\n<p>Ho pensato subito a mio nonno. A quando parlava con nostalgia del tempo in cui si dormiva con le porte aperte. Io quella nostalgia non l\u2019ho mai capita. Fino a ora. Fino a questo momento in cui mi accingo a lasciare una chiave su una pietra, fidandomi.<br>Non \u00e8 solo un gesto: \u00e8 un modo di vivere.<\/p>\n\n\n\n<p>Pantelleria mi ha insegnato che la libert\u00e0 non \u00e8 sempre un grido, a volte \u00e8 silenzio. \u00c8 dimenticare di chiudere a chiave la porta e non avere fretta di tornare a farlo. \u00c8 lasciare le chiavi dell\u2019auto appese al cruscotto mentre fai la spesa. \u00c8 non dover sorvegliare tutto, neanche se stessi.<\/p>\n\n\n\n<p>Raggiungo lo scoglio. Mi spoglio, anche di quello che non si vede.<br>A testa in gi\u00f9, mi tuffo nel blu. E rido, dentro. Ho mantenuto la promessa.<\/p>\n\n\n\n<p>Riemergo. Porto indietro i capelli. Respiro.<\/p>\n\n\n\n<p>Pantelleria ha aperto la porta della mia prigione, anche se solo per quindici giorni.<br>Ora ho lasciato la chiave dove mi \u00e8 stato detto. Non a un secondino, ma a un uomo che sa cos\u2019\u00e8 la libert\u00e0.<\/p>\n\n\n\n<p>Quando torner\u00f2 in citt\u00e0, richiuder\u00f2 un cancello dietro l\u2019altro. Ma questa isola continuer\u00e0 a esistere, con o senza di me.<\/p>\n\n\n\n<p>E oggi, 25 aprile, <strong>\u00e8 il giorno della mia Liberazione.<\/strong><\/p>\n","protected":false},"excerpt":{"rendered":"<p>Il tempo oggi non \u00e8 dei migliori, ma il mare [&hellip;]<\/p>\n","protected":false},"author":3,"featured_media":27746,"comment_status":"closed","ping_status":"closed","sticky":false,"template":"","format":"standard","meta":{"_acf_changed":false,"footnotes":""},"categories":[447],"tags":[1669,1664,1665,1666,1667,1668,1563,1368,1215,1159,1131,1029,932,228,92,96,91],"class_list":["post-27743","post","type-post","status-publish","format-standard","has-post-thumbnail","hentry","category-corsi-e-ricorsi","tag-scoglio","tag-liberationday","tag-festadellaliberazione-2","tag-cammino","tag-salita","tag-chiavi","tag-tuffo","tag-liberta-2","tag-blu","tag-respiro","tag-indumenti","tag-silenzio","tag-calanika","tag-ildammuso","tag-isola","tag-mare","tag-pantelleria"],"acf":[],"yoast_head":"<!-- This site is optimized with the Yoast SEO plugin v27.4 - https:\/\/yoast.com\/product\/yoast-seo-wordpress\/ -->\n<title>Giorno della Liberazione: una camminata verso il mare di Pantelleria | Il Dammuso<\/title>\n<meta name=\"description\" content=\"&quot;Giorno della Liberazione: una camminata verso il mare di Pantelleria&quot;: leggi l&#039;articolo completo nel blog de Il Dammuso!\" \/>\n<meta name=\"robots\" content=\"index, follow, max-snippet:-1, max-image-preview:large, max-video-preview:-1\" \/>\n<link rel=\"canonical\" href=\"https:\/\/www.ildammuso.com\/it\/giorno-della-liberazione-una-camminata-verso-il-mare-di-pantelleria\/\" \/>\n<meta property=\"og:locale\" content=\"it_IT\" \/>\n<meta property=\"og:type\" content=\"article\" \/>\n<meta property=\"og:title\" content=\"Giorno della Liberazione: una camminata verso il mare di Pantelleria | Il Dammuso\" \/>\n<meta property=\"og:description\" content=\"&quot;Giorno della Liberazione: una camminata verso il mare di Pantelleria&quot;: leggi l&#039;articolo completo nel blog de Il Dammuso!\" \/>\n<meta property=\"og:url\" content=\"https:\/\/www.ildammuso.com\/it\/giorno-della-liberazione-una-camminata-verso-il-mare-di-pantelleria\/\" \/>\n<meta property=\"og:site_name\" content=\"Il Dammuso\" \/>\n<meta property=\"article:publisher\" content=\"https:\/\/www.facebook.com\/ildammusodipantelleria\/\" \/>\n<meta property=\"article:published_time\" content=\"2025-04-25T08:44:38+00:00\" \/>\n<meta property=\"article:modified_time\" content=\"2025-04-25T08:44:43+00:00\" \/>\n<meta property=\"og:image\" content=\"https:\/\/storage1254.cdn-immedia.net\/wp-content\/uploads\/2025\/04\/attesa_cuddia_cielo-scaled.jpg\" \/>\n\t<meta property=\"og:image:width\" content=\"2560\" \/>\n\t<meta property=\"og:image:height\" content=\"1440\" \/>\n\t<meta property=\"og:image:type\" content=\"image\/jpeg\" \/>\n<meta name=\"author\" content=\"claudia\" \/>\n<meta name=\"twitter:card\" content=\"summary_large_image\" \/>\n<meta name=\"twitter:label1\" content=\"Scritto da\" \/>\n\t<meta name=\"twitter:data1\" content=\"claudia\" \/>\n\t<meta name=\"twitter:label2\" content=\"Tempo di lettura stimato\" \/>\n\t<meta name=\"twitter:data2\" content=\"2 minuti\" \/>\n<script type=\"application\/ld+json\" class=\"yoast-schema-graph\">{\"@context\":\"https:\\\/\\\/schema.org\",\"@graph\":[{\"@type\":\"Article\",\"@id\":\"https:\\\/\\\/www.ildammuso.com\\\/it\\\/giorno-della-liberazione-una-camminata-verso-il-mare-di-pantelleria\\\/#article\",\"isPartOf\":{\"@id\":\"https:\\\/\\\/www.ildammuso.com\\\/it\\\/giorno-della-liberazione-una-camminata-verso-il-mare-di-pantelleria\\\/\"},\"author\":{\"name\":\"claudia\",\"@id\":\"https:\\\/\\\/www.ildammuso.com\\\/it\\\/#\\\/schema\\\/person\\\/a97bc2634c1ae772b6efbb07fef2b3a8\"},\"headline\":\"Giorno della Liberazione: una camminata verso il mare di Pantelleria\",\"datePublished\":\"2025-04-25T08:44:38+00:00\",\"dateModified\":\"2025-04-25T08:44:43+00:00\",\"mainEntityOfPage\":{\"@id\":\"https:\\\/\\\/www.ildammuso.com\\\/it\\\/giorno-della-liberazione-una-camminata-verso-il-mare-di-pantelleria\\\/\"},\"wordCount\":317,\"publisher\":{\"@id\":\"https:\\\/\\\/www.ildammuso.com\\\/it\\\/#organization\"},\"image\":{\"@id\":\"https:\\\/\\\/www.ildammuso.com\\\/it\\\/giorno-della-liberazione-una-camminata-verso-il-mare-di-pantelleria\\\/#primaryimage\"},\"thumbnailUrl\":\"https:\\\/\\\/www.ildammuso.com\\\/wp-content\\\/uploads\\\/2025\\\/04\\\/attesa_cuddia_cielo-scaled.jpg\",\"keywords\":[\"scoglio\",\"liberationday\",\"festadellaliberazione\",\"cammino\",\"salita\",\"chiavi\",\"tuffo\",\"libert\u00e0\",\"blu\",\"respiro\",\"indumenti\",\"silenzio\",\"calanik\u00e0\",\"ildammuso\",\"isola\",\"mare\",\"pantelleria\"],\"articleSection\":[\"Corsi e ricorsi\"],\"inLanguage\":\"it-IT\"},{\"@type\":\"WebPage\",\"@id\":\"https:\\\/\\\/www.ildammuso.com\\\/it\\\/giorno-della-liberazione-una-camminata-verso-il-mare-di-pantelleria\\\/\",\"url\":\"https:\\\/\\\/www.ildammuso.com\\\/it\\\/giorno-della-liberazione-una-camminata-verso-il-mare-di-pantelleria\\\/\",\"name\":\"Giorno della Liberazione: una camminata verso il mare di Pantelleria | Il Dammuso\",\"isPartOf\":{\"@id\":\"https:\\\/\\\/www.ildammuso.com\\\/it\\\/#website\"},\"primaryImageOfPage\":{\"@id\":\"https:\\\/\\\/www.ildammuso.com\\\/it\\\/giorno-della-liberazione-una-camminata-verso-il-mare-di-pantelleria\\\/#primaryimage\"},\"image\":{\"@id\":\"https:\\\/\\\/www.ildammuso.com\\\/it\\\/giorno-della-liberazione-una-camminata-verso-il-mare-di-pantelleria\\\/#primaryimage\"},\"thumbnailUrl\":\"https:\\\/\\\/www.ildammuso.com\\\/wp-content\\\/uploads\\\/2025\\\/04\\\/attesa_cuddia_cielo-scaled.jpg\",\"datePublished\":\"2025-04-25T08:44:38+00:00\",\"dateModified\":\"2025-04-25T08:44:43+00:00\",\"description\":\"\\\"Giorno della Liberazione: una camminata verso il mare di Pantelleria\\\": leggi l'articolo completo nel blog de Il Dammuso!\",\"breadcrumb\":{\"@id\":\"https:\\\/\\\/www.ildammuso.com\\\/it\\\/giorno-della-liberazione-una-camminata-verso-il-mare-di-pantelleria\\\/#breadcrumb\"},\"inLanguage\":\"it-IT\",\"potentialAction\":[{\"@type\":\"ReadAction\",\"target\":[\"https:\\\/\\\/www.ildammuso.com\\\/it\\\/giorno-della-liberazione-una-camminata-verso-il-mare-di-pantelleria\\\/\"]}]},{\"@type\":\"ImageObject\",\"inLanguage\":\"it-IT\",\"@id\":\"https:\\\/\\\/www.ildammuso.com\\\/it\\\/giorno-della-liberazione-una-camminata-verso-il-mare-di-pantelleria\\\/#primaryimage\",\"url\":\"https:\\\/\\\/www.ildammuso.com\\\/wp-content\\\/uploads\\\/2025\\\/04\\\/attesa_cuddia_cielo-scaled.jpg\",\"contentUrl\":\"https:\\\/\\\/www.ildammuso.com\\\/wp-content\\\/uploads\\\/2025\\\/04\\\/attesa_cuddia_cielo-scaled.jpg\",\"width\":2560,\"height\":1440},{\"@type\":\"BreadcrumbList\",\"@id\":\"https:\\\/\\\/www.ildammuso.com\\\/it\\\/giorno-della-liberazione-una-camminata-verso-il-mare-di-pantelleria\\\/#breadcrumb\",\"itemListElement\":[{\"@type\":\"ListItem\",\"position\":1,\"name\":\"Home\",\"item\":\"https:\\\/\\\/www.ildammuso.com\\\/it\\\/\"},{\"@type\":\"ListItem\",\"position\":2,\"name\":\"&nbsp;\"}]},{\"@type\":\"WebSite\",\"@id\":\"https:\\\/\\\/www.ildammuso.com\\\/it\\\/#website\",\"url\":\"https:\\\/\\\/www.ildammuso.com\\\/it\\\/\",\"name\":\"Il Dammuso\",\"description\":\"Il tuo Dammuso a Pantelleria\",\"publisher\":{\"@id\":\"https:\\\/\\\/www.ildammuso.com\\\/it\\\/#organization\"},\"potentialAction\":[{\"@type\":\"SearchAction\",\"target\":{\"@type\":\"EntryPoint\",\"urlTemplate\":\"https:\\\/\\\/www.ildammuso.com\\\/it\\\/?s={search_term_string}\"},\"query-input\":{\"@type\":\"PropertyValueSpecification\",\"valueRequired\":true,\"valueName\":\"search_term_string\"}}],\"inLanguage\":\"it-IT\"},{\"@type\":\"Organization\",\"@id\":\"https:\\\/\\\/www.ildammuso.com\\\/it\\\/#organization\",\"name\":\"Il Dammuso\",\"url\":\"https:\\\/\\\/www.ildammuso.com\\\/it\\\/\",\"logo\":{\"@type\":\"ImageObject\",\"inLanguage\":\"it-IT\",\"@id\":\"https:\\\/\\\/www.ildammuso.com\\\/it\\\/#\\\/schema\\\/logo\\\/image\\\/\",\"url\":\"https:\\\/\\\/www.ildammuso.com\\\/wp-content\\\/uploads\\\/2022\\\/06\\\/logo-ildammuso.jpg\",\"contentUrl\":\"https:\\\/\\\/www.ildammuso.com\\\/wp-content\\\/uploads\\\/2022\\\/06\\\/logo-ildammuso.jpg\",\"width\":426,\"height\":395,\"caption\":\"Il Dammuso\"},\"image\":{\"@id\":\"https:\\\/\\\/www.ildammuso.com\\\/it\\\/#\\\/schema\\\/logo\\\/image\\\/\"},\"sameAs\":[\"https:\\\/\\\/www.facebook.com\\\/ildammusodipantelleria\\\/\",\"https:\\\/\\\/www.instagram.com\\\/ildammusogram\\\/\"]},{\"@type\":\"Person\",\"@id\":\"https:\\\/\\\/www.ildammuso.com\\\/it\\\/#\\\/schema\\\/person\\\/a97bc2634c1ae772b6efbb07fef2b3a8\",\"name\":\"claudia\",\"image\":{\"@type\":\"ImageObject\",\"inLanguage\":\"it-IT\",\"@id\":\"https:\\\/\\\/secure.gravatar.com\\\/avatar\\\/bfa9e85032faeaffeaaafd48c7c09ad8da852ff133d8361db8721aff28093ebe?s=96&d=mm&r=g\",\"url\":\"https:\\\/\\\/secure.gravatar.com\\\/avatar\\\/bfa9e85032faeaffeaaafd48c7c09ad8da852ff133d8361db8721aff28093ebe?s=96&d=mm&r=g\",\"contentUrl\":\"https:\\\/\\\/secure.gravatar.com\\\/avatar\\\/bfa9e85032faeaffeaaafd48c7c09ad8da852ff133d8361db8721aff28093ebe?s=96&d=mm&r=g\",\"caption\":\"claudia\"}}]}<\/script>\n<!-- \/ Yoast SEO plugin. -->","yoast_head_json":{"title":"Giorno della Liberazione: una camminata verso il mare di Pantelleria | Il Dammuso","description":"\"Giorno della Liberazione: una camminata verso il mare di Pantelleria\": leggi l'articolo completo nel blog de Il Dammuso!","robots":{"index":"index","follow":"follow","max-snippet":"max-snippet:-1","max-image-preview":"max-image-preview:large","max-video-preview":"max-video-preview:-1"},"canonical":"https:\/\/www.ildammuso.com\/it\/giorno-della-liberazione-una-camminata-verso-il-mare-di-pantelleria\/","og_locale":"it_IT","og_type":"article","og_title":"Giorno della Liberazione: una camminata verso il mare di Pantelleria | Il Dammuso","og_description":"\"Giorno della Liberazione: una camminata verso il mare di Pantelleria\": leggi l'articolo completo nel blog de Il Dammuso!","og_url":"https:\/\/www.ildammuso.com\/it\/giorno-della-liberazione-una-camminata-verso-il-mare-di-pantelleria\/","og_site_name":"Il Dammuso","article_publisher":"https:\/\/www.facebook.com\/ildammusodipantelleria\/","article_published_time":"2025-04-25T08:44:38+00:00","article_modified_time":"2025-04-25T08:44:43+00:00","og_image":[{"width":2560,"height":1440,"url":"https:\/\/storage1254.cdn-immedia.net\/wp-content\/uploads\/2025\/04\/attesa_cuddia_cielo-scaled.jpg","type":"image\/jpeg"}],"author":"claudia","twitter_card":"summary_large_image","twitter_misc":{"Scritto da":"claudia","Tempo di lettura stimato":"2 minuti"},"schema":{"@context":"https:\/\/schema.org","@graph":[{"@type":"Article","@id":"https:\/\/www.ildammuso.com\/it\/giorno-della-liberazione-una-camminata-verso-il-mare-di-pantelleria\/#article","isPartOf":{"@id":"https:\/\/www.ildammuso.com\/it\/giorno-della-liberazione-una-camminata-verso-il-mare-di-pantelleria\/"},"author":{"name":"claudia","@id":"https:\/\/www.ildammuso.com\/it\/#\/schema\/person\/a97bc2634c1ae772b6efbb07fef2b3a8"},"headline":"Giorno della Liberazione: una camminata verso il mare di Pantelleria","datePublished":"2025-04-25T08:44:38+00:00","dateModified":"2025-04-25T08:44:43+00:00","mainEntityOfPage":{"@id":"https:\/\/www.ildammuso.com\/it\/giorno-della-liberazione-una-camminata-verso-il-mare-di-pantelleria\/"},"wordCount":317,"publisher":{"@id":"https:\/\/www.ildammuso.com\/it\/#organization"},"image":{"@id":"https:\/\/www.ildammuso.com\/it\/giorno-della-liberazione-una-camminata-verso-il-mare-di-pantelleria\/#primaryimage"},"thumbnailUrl":"https:\/\/storage1254.cdn-immedia.net\/wp-content\/uploads\/2025\/04\/attesa_cuddia_cielo-scaled.jpg","keywords":["scoglio","liberationday","festadellaliberazione","cammino","salita","chiavi","tuffo","libert\u00e0","blu","respiro","indumenti","silenzio","calanik\u00e0","ildammuso","isola","mare","pantelleria"],"articleSection":["Corsi e ricorsi"],"inLanguage":"it-IT"},{"@type":"WebPage","@id":"https:\/\/www.ildammuso.com\/it\/giorno-della-liberazione-una-camminata-verso-il-mare-di-pantelleria\/","url":"https:\/\/www.ildammuso.com\/it\/giorno-della-liberazione-una-camminata-verso-il-mare-di-pantelleria\/","name":"Giorno della Liberazione: una camminata verso il mare di Pantelleria | Il Dammuso","isPartOf":{"@id":"https:\/\/www.ildammuso.com\/it\/#website"},"primaryImageOfPage":{"@id":"https:\/\/www.ildammuso.com\/it\/giorno-della-liberazione-una-camminata-verso-il-mare-di-pantelleria\/#primaryimage"},"image":{"@id":"https:\/\/www.ildammuso.com\/it\/giorno-della-liberazione-una-camminata-verso-il-mare-di-pantelleria\/#primaryimage"},"thumbnailUrl":"https:\/\/storage1254.cdn-immedia.net\/wp-content\/uploads\/2025\/04\/attesa_cuddia_cielo-scaled.jpg","datePublished":"2025-04-25T08:44:38+00:00","dateModified":"2025-04-25T08:44:43+00:00","description":"\"Giorno della Liberazione: una camminata verso il mare di Pantelleria\": leggi l'articolo completo nel blog de Il Dammuso!","breadcrumb":{"@id":"https:\/\/www.ildammuso.com\/it\/giorno-della-liberazione-una-camminata-verso-il-mare-di-pantelleria\/#breadcrumb"},"inLanguage":"it-IT","potentialAction":[{"@type":"ReadAction","target":["https:\/\/www.ildammuso.com\/it\/giorno-della-liberazione-una-camminata-verso-il-mare-di-pantelleria\/"]}]},{"@type":"ImageObject","inLanguage":"it-IT","@id":"https:\/\/www.ildammuso.com\/it\/giorno-della-liberazione-una-camminata-verso-il-mare-di-pantelleria\/#primaryimage","url":"https:\/\/storage1254.cdn-immedia.net\/wp-content\/uploads\/2025\/04\/attesa_cuddia_cielo-scaled.jpg","contentUrl":"https:\/\/storage1254.cdn-immedia.net\/wp-content\/uploads\/2025\/04\/attesa_cuddia_cielo-scaled.jpg","width":2560,"height":1440},{"@type":"BreadcrumbList","@id":"https:\/\/www.ildammuso.com\/it\/giorno-della-liberazione-una-camminata-verso-il-mare-di-pantelleria\/#breadcrumb","itemListElement":[{"@type":"ListItem","position":1,"name":"Home","item":"https:\/\/www.ildammuso.com\/it\/"},{"@type":"ListItem","position":2,"name":"&nbsp;"}]},{"@type":"WebSite","@id":"https:\/\/www.ildammuso.com\/it\/#website","url":"https:\/\/www.ildammuso.com\/it\/","name":"Il Dammuso","description":"Il tuo Dammuso a Pantelleria","publisher":{"@id":"https:\/\/www.ildammuso.com\/it\/#organization"},"potentialAction":[{"@type":"SearchAction","target":{"@type":"EntryPoint","urlTemplate":"https:\/\/www.ildammuso.com\/it\/?s={search_term_string}"},"query-input":{"@type":"PropertyValueSpecification","valueRequired":true,"valueName":"search_term_string"}}],"inLanguage":"it-IT"},{"@type":"Organization","@id":"https:\/\/www.ildammuso.com\/it\/#organization","name":"Il Dammuso","url":"https:\/\/www.ildammuso.com\/it\/","logo":{"@type":"ImageObject","inLanguage":"it-IT","@id":"https:\/\/www.ildammuso.com\/it\/#\/schema\/logo\/image\/","url":"https:\/\/storage1254.cdn-immedia.net\/wp-content\/uploads\/2022\/06\/logo-ildammuso.jpg","contentUrl":"https:\/\/storage1254.cdn-immedia.net\/wp-content\/uploads\/2022\/06\/logo-ildammuso.jpg","width":426,"height":395,"caption":"Il Dammuso"},"image":{"@id":"https:\/\/www.ildammuso.com\/it\/#\/schema\/logo\/image\/"},"sameAs":["https:\/\/www.facebook.com\/ildammusodipantelleria\/","https:\/\/www.instagram.com\/ildammusogram\/"]},{"@type":"Person","@id":"https:\/\/www.ildammuso.com\/it\/#\/schema\/person\/a97bc2634c1ae772b6efbb07fef2b3a8","name":"claudia","image":{"@type":"ImageObject","inLanguage":"it-IT","@id":"https:\/\/secure.gravatar.com\/avatar\/bfa9e85032faeaffeaaafd48c7c09ad8da852ff133d8361db8721aff28093ebe?s=96&d=mm&r=g","url":"https:\/\/secure.gravatar.com\/avatar\/bfa9e85032faeaffeaaafd48c7c09ad8da852ff133d8361db8721aff28093ebe?s=96&d=mm&r=g","contentUrl":"https:\/\/secure.gravatar.com\/avatar\/bfa9e85032faeaffeaaafd48c7c09ad8da852ff133d8361db8721aff28093ebe?s=96&d=mm&r=g","caption":"claudia"}}]}},"_links":{"self":[{"href":"https:\/\/www.ildammuso.com\/it\/wp-json\/wp\/v2\/posts\/27743","targetHints":{"allow":["GET"]}}],"collection":[{"href":"https:\/\/www.ildammuso.com\/it\/wp-json\/wp\/v2\/posts"}],"about":[{"href":"https:\/\/www.ildammuso.com\/it\/wp-json\/wp\/v2\/types\/post"}],"author":[{"embeddable":true,"href":"https:\/\/www.ildammuso.com\/it\/wp-json\/wp\/v2\/users\/3"}],"replies":[{"embeddable":true,"href":"https:\/\/www.ildammuso.com\/it\/wp-json\/wp\/v2\/comments?post=27743"}],"version-history":[{"count":1,"href":"https:\/\/www.ildammuso.com\/it\/wp-json\/wp\/v2\/posts\/27743\/revisions"}],"predecessor-version":[{"id":27749,"href":"https:\/\/www.ildammuso.com\/it\/wp-json\/wp\/v2\/posts\/27743\/revisions\/27749"}],"wp:featuredmedia":[{"embeddable":true,"href":"https:\/\/www.ildammuso.com\/it\/wp-json\/wp\/v2\/media\/27746"}],"wp:attachment":[{"href":"https:\/\/www.ildammuso.com\/it\/wp-json\/wp\/v2\/media?parent=27743"}],"wp:term":[{"taxonomy":"category","embeddable":true,"href":"https:\/\/www.ildammuso.com\/it\/wp-json\/wp\/v2\/categories?post=27743"},{"taxonomy":"post_tag","embeddable":true,"href":"https:\/\/www.ildammuso.com\/it\/wp-json\/wp\/v2\/tags?post=27743"}],"curies":[{"name":"wp","href":"https:\/\/api.w.org\/{rel}","templated":true}]}}