{"id":30711,"date":"2025-12-05T09:58:14","date_gmt":"2025-12-05T08:58:14","guid":{"rendered":"https:\/\/www.ildammuso.com\/?p=30711"},"modified":"2025-12-05T09:58:19","modified_gmt":"2025-12-05T08:58:19","slug":"pantelleria-in-inverno-un-racconto-tra-sataria-dammusi-e-cieli-incantati","status":"publish","type":"post","link":"https:\/\/www.ildammuso.com\/it\/pantelleria-in-inverno-un-racconto-tra-sataria-dammusi-e-cieli-incantati\/","title":{"rendered":"Pantelleria in inverno: un racconto tra Sataria, dammusi e cieli incantati"},"content":{"rendered":"\n<p>Se a Natale fossi a Pantelleria saprei gi\u00e0 come trascorrere la serata.<br>Ovviamente sto immaginando.<br>Ed \u00e8 questa la grazia del fantasticare: non dover aderire alla realt\u00e0 e lasciare che il pensiero si muova verso il verosimile.<\/p>\n\n\n\n<p>La mia vigilia sarebbe fatta di piccoli ma precisi preparativi.<br>Vestirei come la temperatura richiede e preparerei uno zaino con un accappatoio, un contenitore pieno di dolcetti (alla malora il picco glicemico!), una bella bottiglia di rosso (a quel paese il colesterolo!) e un bicchiere di cristallo (che, ovviamente, arriverebbe rotto).<br>Fatto questo, al calare del sole mi avvierei verso Sataria, quando la luce \u00e8 ancora penombra; giusto per non schiantarmi per terra in uno dei miei modi rocamboleschi, per poi essere ritrovata qualche giorno dopo.<br>Vorrei un cielo di quelli che sembrano pensati da un uomo, allenati da un\u2019AI e rifiniti dal divino.<\/p>\n\n\n\n<p>Scenderei gli scalini che portano alla grotta con la lentezza che mi contraddistingue.<br>Perch\u00e9 nulla vada perso e tutto possa essere annusato.<br>Raggiunta una vasca mi spoglierei colma di brividi che sanno di freddo e di emozione.<br>Recuperato il respiro, mi immergerei e tirerei fuori i cocci del bicchiere, la bottiglia e i dolcetti.<br>\u201cTristemente costretta\u201d a bere dall\u2019imboccatura, prenderei ogni attimo e me lo farei bastare per alcuni giorni a venire.<\/p>\n\n\n\n<p>Terminata la quieta abluzione, farei ritorno al piccolo dammuso a Benimingallo: passo calmo, cuore colmo.<br>Breve doccia, stufa accesa e un libro tra le mani.<\/p>\n\n\n\n<p>So per certo che il mattino mi sveglierebbe con una certa impazienza.<br>Mattino, \u201cDai, svelta, usciamo.\u201d<br>Io, \u201cMattino, ma fa un freddo porco!\u201d<br>Mattino, \u201cCammini e ti riscaldi\u201d.<br>Mattino \u00e8 perentorio.<\/p>\n\n\n\n<p>Ho sempre ceduto alla logica (forse pi\u00f9 ancora che alle emozioni), quindi non posso che vestirmi adeguatamente e uscire.<br>Giornata appena ventosa, colma di una luce che ti fa percepire i contorni di ogni cosa; le mani sono blu e i piedi non lo so, perch\u00e9 sono dentro le scarpe.<br>Comincio la salita verso la Piana del Barone e mi scaldo: posso tirare fuori le mani dalle tasche (cos\u00ec, se inciampo, ho almeno una possibilit\u00e0 di salvarmi la faccia).<br>Sorrido mentre faccio questi pensieri e cammino, e mi pare di sentire tutto: tutto quello che mi scorre dentro, dai pensieri al flusso del mio sangue ai vapori di questa Isola.<\/p>\n","protected":false},"excerpt":{"rendered":"<p>Se a Natale fossi a Pantelleria saprei gi\u00e0 come trascorrere [&hellip;]<\/p>\n","protected":false},"author":3,"featured_media":30712,"comment_status":"closed","ping_status":"closed","sticky":false,"template":"","format":"standard","meta":{"_acf_changed":false,"footnotes":""},"categories":[446],"tags":[1836,1848,1837,1838,1840,1841,1842,1847,1846,1845,1844,1843,1623,228,91],"class_list":["post-30711","post","type-post","status-publish","format-standard","has-post-thumbnail","hentry","category-pantelleria-lisola","tag-pantellerialovers","tag-trekkingpantelleria","tag-pantelleriadamare","tag-visitpantelleria","tag-pantelleriawinter","tag-pantelleriadinverno","tag-termepantelleria","tag-christmasvibes","tag-naturalspa","tag-acquecalde","tag-grottesataria","tag-termenaturali","tag-sataria-2","tag-ildammuso","tag-pantelleria"],"acf":[],"yoast_head":"<!-- This site is optimized with the Yoast SEO plugin v27.4 - https:\/\/yoast.com\/product\/yoast-seo-wordpress\/ -->\n<title>Pantelleria in inverno: un racconto tra Sataria, dammusi e cieli incantati | Il Dammuso<\/title>\n<meta name=\"description\" content=\"&quot;Pantelleria in inverno: un racconto tra Sataria, dammusi e cieli incantati&quot;: leggi l&#039;articolo completo nel blog de Il Dammuso!\" \/>\n<meta name=\"robots\" content=\"index, follow, max-snippet:-1, max-image-preview:large, max-video-preview:-1\" \/>\n<link rel=\"canonical\" href=\"https:\/\/www.ildammuso.com\/it\/pantelleria-in-inverno-un-racconto-tra-sataria-dammusi-e-cieli-incantati\/\" \/>\n<meta property=\"og:locale\" content=\"it_IT\" \/>\n<meta property=\"og:type\" content=\"article\" \/>\n<meta property=\"og:title\" content=\"Pantelleria in inverno: un racconto tra Sataria, dammusi e cieli incantati | Il Dammuso\" \/>\n<meta property=\"og:description\" content=\"&quot;Pantelleria in inverno: un racconto tra Sataria, dammusi e cieli incantati&quot;: leggi l&#039;articolo completo nel blog de Il Dammuso!\" \/>\n<meta property=\"og:url\" content=\"https:\/\/www.ildammuso.com\/it\/pantelleria-in-inverno-un-racconto-tra-sataria-dammusi-e-cieli-incantati\/\" \/>\n<meta property=\"og:site_name\" content=\"Il Dammuso\" \/>\n<meta property=\"article:publisher\" content=\"https:\/\/www.facebook.com\/ildammusodipantelleria\/\" \/>\n<meta property=\"article:published_time\" content=\"2025-12-05T08:58:14+00:00\" \/>\n<meta property=\"article:modified_time\" content=\"2025-12-05T08:58:19+00:00\" \/>\n<meta property=\"og:image\" content=\"https:\/\/storage1254.cdn-immedia.net\/wp-content\/uploads\/2025\/12\/Sataria.jpg\" \/>\n\t<meta property=\"og:image:width\" content=\"699\" \/>\n\t<meta property=\"og:image:height\" content=\"916\" \/>\n\t<meta property=\"og:image:type\" content=\"image\/jpeg\" \/>\n<meta name=\"author\" content=\"claudia\" \/>\n<meta name=\"twitter:card\" content=\"summary_large_image\" \/>\n<meta name=\"twitter:label1\" content=\"Scritto da\" \/>\n\t<meta name=\"twitter:data1\" content=\"claudia\" \/>\n\t<meta name=\"twitter:label2\" content=\"Tempo di lettura stimato\" \/>\n\t<meta name=\"twitter:data2\" content=\"3 minuti\" \/>\n<script type=\"application\/ld+json\" class=\"yoast-schema-graph\">{\"@context\":\"https:\\\/\\\/schema.org\",\"@graph\":[{\"@type\":\"Article\",\"@id\":\"https:\\\/\\\/www.ildammuso.com\\\/it\\\/pantelleria-in-inverno-un-racconto-tra-sataria-dammusi-e-cieli-incantati\\\/#article\",\"isPartOf\":{\"@id\":\"https:\\\/\\\/www.ildammuso.com\\\/it\\\/pantelleria-in-inverno-un-racconto-tra-sataria-dammusi-e-cieli-incantati\\\/\"},\"author\":{\"name\":\"claudia\",\"@id\":\"https:\\\/\\\/www.ildammuso.com\\\/it\\\/#\\\/schema\\\/person\\\/a97bc2634c1ae772b6efbb07fef2b3a8\"},\"headline\":\"Pantelleria in inverno: un racconto tra Sataria, dammusi e cieli incantati\",\"datePublished\":\"2025-12-05T08:58:14+00:00\",\"dateModified\":\"2025-12-05T08:58:19+00:00\",\"mainEntityOfPage\":{\"@id\":\"https:\\\/\\\/www.ildammuso.com\\\/it\\\/pantelleria-in-inverno-un-racconto-tra-sataria-dammusi-e-cieli-incantati\\\/\"},\"wordCount\":389,\"publisher\":{\"@id\":\"https:\\\/\\\/www.ildammuso.com\\\/it\\\/#organization\"},\"image\":{\"@id\":\"https:\\\/\\\/www.ildammuso.com\\\/it\\\/pantelleria-in-inverno-un-racconto-tra-sataria-dammusi-e-cieli-incantati\\\/#primaryimage\"},\"thumbnailUrl\":\"https:\\\/\\\/www.ildammuso.com\\\/wp-content\\\/uploads\\\/2025\\\/12\\\/Sataria.jpg\",\"keywords\":[\"pantellerialovers\",\"trekkingpantelleria\",\"pantelleriadamare\",\"visitpantelleria\",\"pantelleriawinter\",\"pantelleriadinverno\",\"termepantelleria\",\"christmasvibes\",\"naturalspa\",\"acquecalde\",\"grottesataria\",\"termenaturali\",\"Sataria\",\"ildammuso\",\"pantelleria\"],\"articleSection\":[\"Pantelleria, l'isola\"],\"inLanguage\":\"it-IT\"},{\"@type\":\"WebPage\",\"@id\":\"https:\\\/\\\/www.ildammuso.com\\\/it\\\/pantelleria-in-inverno-un-racconto-tra-sataria-dammusi-e-cieli-incantati\\\/\",\"url\":\"https:\\\/\\\/www.ildammuso.com\\\/it\\\/pantelleria-in-inverno-un-racconto-tra-sataria-dammusi-e-cieli-incantati\\\/\",\"name\":\"Pantelleria in inverno: un racconto tra Sataria, dammusi e cieli incantati | Il Dammuso\",\"isPartOf\":{\"@id\":\"https:\\\/\\\/www.ildammuso.com\\\/it\\\/#website\"},\"primaryImageOfPage\":{\"@id\":\"https:\\\/\\\/www.ildammuso.com\\\/it\\\/pantelleria-in-inverno-un-racconto-tra-sataria-dammusi-e-cieli-incantati\\\/#primaryimage\"},\"image\":{\"@id\":\"https:\\\/\\\/www.ildammuso.com\\\/it\\\/pantelleria-in-inverno-un-racconto-tra-sataria-dammusi-e-cieli-incantati\\\/#primaryimage\"},\"thumbnailUrl\":\"https:\\\/\\\/www.ildammuso.com\\\/wp-content\\\/uploads\\\/2025\\\/12\\\/Sataria.jpg\",\"datePublished\":\"2025-12-05T08:58:14+00:00\",\"dateModified\":\"2025-12-05T08:58:19+00:00\",\"description\":\"\\\"Pantelleria in inverno: un racconto tra Sataria, dammusi e cieli incantati\\\": leggi l'articolo completo nel blog de Il Dammuso!\",\"breadcrumb\":{\"@id\":\"https:\\\/\\\/www.ildammuso.com\\\/it\\\/pantelleria-in-inverno-un-racconto-tra-sataria-dammusi-e-cieli-incantati\\\/#breadcrumb\"},\"inLanguage\":\"it-IT\",\"potentialAction\":[{\"@type\":\"ReadAction\",\"target\":[\"https:\\\/\\\/www.ildammuso.com\\\/it\\\/pantelleria-in-inverno-un-racconto-tra-sataria-dammusi-e-cieli-incantati\\\/\"]}]},{\"@type\":\"ImageObject\",\"inLanguage\":\"it-IT\",\"@id\":\"https:\\\/\\\/www.ildammuso.com\\\/it\\\/pantelleria-in-inverno-un-racconto-tra-sataria-dammusi-e-cieli-incantati\\\/#primaryimage\",\"url\":\"https:\\\/\\\/www.ildammuso.com\\\/wp-content\\\/uploads\\\/2025\\\/12\\\/Sataria.jpg\",\"contentUrl\":\"https:\\\/\\\/www.ildammuso.com\\\/wp-content\\\/uploads\\\/2025\\\/12\\\/Sataria.jpg\",\"width\":699,\"height\":916,\"caption\":\"Oplus_131072\"},{\"@type\":\"BreadcrumbList\",\"@id\":\"https:\\\/\\\/www.ildammuso.com\\\/it\\\/pantelleria-in-inverno-un-racconto-tra-sataria-dammusi-e-cieli-incantati\\\/#breadcrumb\",\"itemListElement\":[{\"@type\":\"ListItem\",\"position\":1,\"name\":\"Home\",\"item\":\"https:\\\/\\\/www.ildammuso.com\\\/it\\\/\"},{\"@type\":\"ListItem\",\"position\":2,\"name\":\"&nbsp;\"}]},{\"@type\":\"WebSite\",\"@id\":\"https:\\\/\\\/www.ildammuso.com\\\/it\\\/#website\",\"url\":\"https:\\\/\\\/www.ildammuso.com\\\/it\\\/\",\"name\":\"Il Dammuso\",\"description\":\"Il tuo Dammuso a Pantelleria\",\"publisher\":{\"@id\":\"https:\\\/\\\/www.ildammuso.com\\\/it\\\/#organization\"},\"potentialAction\":[{\"@type\":\"SearchAction\",\"target\":{\"@type\":\"EntryPoint\",\"urlTemplate\":\"https:\\\/\\\/www.ildammuso.com\\\/it\\\/?s={search_term_string}\"},\"query-input\":{\"@type\":\"PropertyValueSpecification\",\"valueRequired\":true,\"valueName\":\"search_term_string\"}}],\"inLanguage\":\"it-IT\"},{\"@type\":\"Organization\",\"@id\":\"https:\\\/\\\/www.ildammuso.com\\\/it\\\/#organization\",\"name\":\"Il Dammuso\",\"url\":\"https:\\\/\\\/www.ildammuso.com\\\/it\\\/\",\"logo\":{\"@type\":\"ImageObject\",\"inLanguage\":\"it-IT\",\"@id\":\"https:\\\/\\\/www.ildammuso.com\\\/it\\\/#\\\/schema\\\/logo\\\/image\\\/\",\"url\":\"https:\\\/\\\/www.ildammuso.com\\\/wp-content\\\/uploads\\\/2022\\\/06\\\/logo-ildammuso.jpg\",\"contentUrl\":\"https:\\\/\\\/www.ildammuso.com\\\/wp-content\\\/uploads\\\/2022\\\/06\\\/logo-ildammuso.jpg\",\"width\":426,\"height\":395,\"caption\":\"Il Dammuso\"},\"image\":{\"@id\":\"https:\\\/\\\/www.ildammuso.com\\\/it\\\/#\\\/schema\\\/logo\\\/image\\\/\"},\"sameAs\":[\"https:\\\/\\\/www.facebook.com\\\/ildammusodipantelleria\\\/\",\"https:\\\/\\\/www.instagram.com\\\/ildammusogram\\\/\"]},{\"@type\":\"Person\",\"@id\":\"https:\\\/\\\/www.ildammuso.com\\\/it\\\/#\\\/schema\\\/person\\\/a97bc2634c1ae772b6efbb07fef2b3a8\",\"name\":\"claudia\",\"image\":{\"@type\":\"ImageObject\",\"inLanguage\":\"it-IT\",\"@id\":\"https:\\\/\\\/secure.gravatar.com\\\/avatar\\\/bfa9e85032faeaffeaaafd48c7c09ad8da852ff133d8361db8721aff28093ebe?s=96&d=mm&r=g\",\"url\":\"https:\\\/\\\/secure.gravatar.com\\\/avatar\\\/bfa9e85032faeaffeaaafd48c7c09ad8da852ff133d8361db8721aff28093ebe?s=96&d=mm&r=g\",\"contentUrl\":\"https:\\\/\\\/secure.gravatar.com\\\/avatar\\\/bfa9e85032faeaffeaaafd48c7c09ad8da852ff133d8361db8721aff28093ebe?s=96&d=mm&r=g\",\"caption\":\"claudia\"}}]}<\/script>\n<!-- \/ Yoast SEO plugin. -->","yoast_head_json":{"title":"Pantelleria in inverno: un racconto tra Sataria, dammusi e cieli incantati | Il Dammuso","description":"\"Pantelleria in inverno: un racconto tra Sataria, dammusi e cieli incantati\": leggi l'articolo completo nel blog de Il Dammuso!","robots":{"index":"index","follow":"follow","max-snippet":"max-snippet:-1","max-image-preview":"max-image-preview:large","max-video-preview":"max-video-preview:-1"},"canonical":"https:\/\/www.ildammuso.com\/it\/pantelleria-in-inverno-un-racconto-tra-sataria-dammusi-e-cieli-incantati\/","og_locale":"it_IT","og_type":"article","og_title":"Pantelleria in inverno: un racconto tra Sataria, dammusi e cieli incantati | Il Dammuso","og_description":"\"Pantelleria in inverno: un racconto tra Sataria, dammusi e cieli incantati\": leggi l'articolo completo nel blog de Il Dammuso!","og_url":"https:\/\/www.ildammuso.com\/it\/pantelleria-in-inverno-un-racconto-tra-sataria-dammusi-e-cieli-incantati\/","og_site_name":"Il Dammuso","article_publisher":"https:\/\/www.facebook.com\/ildammusodipantelleria\/","article_published_time":"2025-12-05T08:58:14+00:00","article_modified_time":"2025-12-05T08:58:19+00:00","og_image":[{"width":699,"height":916,"url":"https:\/\/storage1254.cdn-immedia.net\/wp-content\/uploads\/2025\/12\/Sataria.jpg","type":"image\/jpeg"}],"author":"claudia","twitter_card":"summary_large_image","twitter_misc":{"Scritto da":"claudia","Tempo di lettura stimato":"3 minuti"},"schema":{"@context":"https:\/\/schema.org","@graph":[{"@type":"Article","@id":"https:\/\/www.ildammuso.com\/it\/pantelleria-in-inverno-un-racconto-tra-sataria-dammusi-e-cieli-incantati\/#article","isPartOf":{"@id":"https:\/\/www.ildammuso.com\/it\/pantelleria-in-inverno-un-racconto-tra-sataria-dammusi-e-cieli-incantati\/"},"author":{"name":"claudia","@id":"https:\/\/www.ildammuso.com\/it\/#\/schema\/person\/a97bc2634c1ae772b6efbb07fef2b3a8"},"headline":"Pantelleria in inverno: un racconto tra Sataria, dammusi e cieli incantati","datePublished":"2025-12-05T08:58:14+00:00","dateModified":"2025-12-05T08:58:19+00:00","mainEntityOfPage":{"@id":"https:\/\/www.ildammuso.com\/it\/pantelleria-in-inverno-un-racconto-tra-sataria-dammusi-e-cieli-incantati\/"},"wordCount":389,"publisher":{"@id":"https:\/\/www.ildammuso.com\/it\/#organization"},"image":{"@id":"https:\/\/www.ildammuso.com\/it\/pantelleria-in-inverno-un-racconto-tra-sataria-dammusi-e-cieli-incantati\/#primaryimage"},"thumbnailUrl":"https:\/\/storage1254.cdn-immedia.net\/wp-content\/uploads\/2025\/12\/Sataria.jpg","keywords":["pantellerialovers","trekkingpantelleria","pantelleriadamare","visitpantelleria","pantelleriawinter","pantelleriadinverno","termepantelleria","christmasvibes","naturalspa","acquecalde","grottesataria","termenaturali","Sataria","ildammuso","pantelleria"],"articleSection":["Pantelleria, l'isola"],"inLanguage":"it-IT"},{"@type":"WebPage","@id":"https:\/\/www.ildammuso.com\/it\/pantelleria-in-inverno-un-racconto-tra-sataria-dammusi-e-cieli-incantati\/","url":"https:\/\/www.ildammuso.com\/it\/pantelleria-in-inverno-un-racconto-tra-sataria-dammusi-e-cieli-incantati\/","name":"Pantelleria in inverno: un racconto tra Sataria, dammusi e cieli incantati | Il Dammuso","isPartOf":{"@id":"https:\/\/www.ildammuso.com\/it\/#website"},"primaryImageOfPage":{"@id":"https:\/\/www.ildammuso.com\/it\/pantelleria-in-inverno-un-racconto-tra-sataria-dammusi-e-cieli-incantati\/#primaryimage"},"image":{"@id":"https:\/\/www.ildammuso.com\/it\/pantelleria-in-inverno-un-racconto-tra-sataria-dammusi-e-cieli-incantati\/#primaryimage"},"thumbnailUrl":"https:\/\/storage1254.cdn-immedia.net\/wp-content\/uploads\/2025\/12\/Sataria.jpg","datePublished":"2025-12-05T08:58:14+00:00","dateModified":"2025-12-05T08:58:19+00:00","description":"\"Pantelleria in inverno: un racconto tra Sataria, dammusi e cieli incantati\": leggi l'articolo completo nel blog de Il Dammuso!","breadcrumb":{"@id":"https:\/\/www.ildammuso.com\/it\/pantelleria-in-inverno-un-racconto-tra-sataria-dammusi-e-cieli-incantati\/#breadcrumb"},"inLanguage":"it-IT","potentialAction":[{"@type":"ReadAction","target":["https:\/\/www.ildammuso.com\/it\/pantelleria-in-inverno-un-racconto-tra-sataria-dammusi-e-cieli-incantati\/"]}]},{"@type":"ImageObject","inLanguage":"it-IT","@id":"https:\/\/www.ildammuso.com\/it\/pantelleria-in-inverno-un-racconto-tra-sataria-dammusi-e-cieli-incantati\/#primaryimage","url":"https:\/\/storage1254.cdn-immedia.net\/wp-content\/uploads\/2025\/12\/Sataria.jpg","contentUrl":"https:\/\/storage1254.cdn-immedia.net\/wp-content\/uploads\/2025\/12\/Sataria.jpg","width":699,"height":916,"caption":"Oplus_131072"},{"@type":"BreadcrumbList","@id":"https:\/\/www.ildammuso.com\/it\/pantelleria-in-inverno-un-racconto-tra-sataria-dammusi-e-cieli-incantati\/#breadcrumb","itemListElement":[{"@type":"ListItem","position":1,"name":"Home","item":"https:\/\/www.ildammuso.com\/it\/"},{"@type":"ListItem","position":2,"name":"&nbsp;"}]},{"@type":"WebSite","@id":"https:\/\/www.ildammuso.com\/it\/#website","url":"https:\/\/www.ildammuso.com\/it\/","name":"Il Dammuso","description":"Il tuo Dammuso a Pantelleria","publisher":{"@id":"https:\/\/www.ildammuso.com\/it\/#organization"},"potentialAction":[{"@type":"SearchAction","target":{"@type":"EntryPoint","urlTemplate":"https:\/\/www.ildammuso.com\/it\/?s={search_term_string}"},"query-input":{"@type":"PropertyValueSpecification","valueRequired":true,"valueName":"search_term_string"}}],"inLanguage":"it-IT"},{"@type":"Organization","@id":"https:\/\/www.ildammuso.com\/it\/#organization","name":"Il Dammuso","url":"https:\/\/www.ildammuso.com\/it\/","logo":{"@type":"ImageObject","inLanguage":"it-IT","@id":"https:\/\/www.ildammuso.com\/it\/#\/schema\/logo\/image\/","url":"https:\/\/storage1254.cdn-immedia.net\/wp-content\/uploads\/2022\/06\/logo-ildammuso.jpg","contentUrl":"https:\/\/storage1254.cdn-immedia.net\/wp-content\/uploads\/2022\/06\/logo-ildammuso.jpg","width":426,"height":395,"caption":"Il Dammuso"},"image":{"@id":"https:\/\/www.ildammuso.com\/it\/#\/schema\/logo\/image\/"},"sameAs":["https:\/\/www.facebook.com\/ildammusodipantelleria\/","https:\/\/www.instagram.com\/ildammusogram\/"]},{"@type":"Person","@id":"https:\/\/www.ildammuso.com\/it\/#\/schema\/person\/a97bc2634c1ae772b6efbb07fef2b3a8","name":"claudia","image":{"@type":"ImageObject","inLanguage":"it-IT","@id":"https:\/\/secure.gravatar.com\/avatar\/bfa9e85032faeaffeaaafd48c7c09ad8da852ff133d8361db8721aff28093ebe?s=96&d=mm&r=g","url":"https:\/\/secure.gravatar.com\/avatar\/bfa9e85032faeaffeaaafd48c7c09ad8da852ff133d8361db8721aff28093ebe?s=96&d=mm&r=g","contentUrl":"https:\/\/secure.gravatar.com\/avatar\/bfa9e85032faeaffeaaafd48c7c09ad8da852ff133d8361db8721aff28093ebe?s=96&d=mm&r=g","caption":"claudia"}}]}},"_links":{"self":[{"href":"https:\/\/www.ildammuso.com\/it\/wp-json\/wp\/v2\/posts\/30711","targetHints":{"allow":["GET"]}}],"collection":[{"href":"https:\/\/www.ildammuso.com\/it\/wp-json\/wp\/v2\/posts"}],"about":[{"href":"https:\/\/www.ildammuso.com\/it\/wp-json\/wp\/v2\/types\/post"}],"author":[{"embeddable":true,"href":"https:\/\/www.ildammuso.com\/it\/wp-json\/wp\/v2\/users\/3"}],"replies":[{"embeddable":true,"href":"https:\/\/www.ildammuso.com\/it\/wp-json\/wp\/v2\/comments?post=30711"}],"version-history":[{"count":1,"href":"https:\/\/www.ildammuso.com\/it\/wp-json\/wp\/v2\/posts\/30711\/revisions"}],"predecessor-version":[{"id":30714,"href":"https:\/\/www.ildammuso.com\/it\/wp-json\/wp\/v2\/posts\/30711\/revisions\/30714"}],"wp:featuredmedia":[{"embeddable":true,"href":"https:\/\/www.ildammuso.com\/it\/wp-json\/wp\/v2\/media\/30712"}],"wp:attachment":[{"href":"https:\/\/www.ildammuso.com\/it\/wp-json\/wp\/v2\/media?parent=30711"}],"wp:term":[{"taxonomy":"category","embeddable":true,"href":"https:\/\/www.ildammuso.com\/it\/wp-json\/wp\/v2\/categories?post=30711"},{"taxonomy":"post_tag","embeddable":true,"href":"https:\/\/www.ildammuso.com\/it\/wp-json\/wp\/v2\/tags?post=30711"}],"curies":[{"name":"wp","href":"https:\/\/api.w.org\/{rel}","templated":true}]}}