{"id":3096,"date":"2021-01-18T10:30:00","date_gmt":"2021-01-18T09:30:00","guid":{"rendered":"https:\/\/www.ildammuso.com\/?p=3096"},"modified":"2022-09-29T12:09:21","modified_gmt":"2022-09-29T10:09:21","slug":"fattene-una-ragione","status":"publish","type":"post","link":"https:\/\/www.ildammuso.com\/it\/fattene-una-ragione\/","title":{"rendered":"Fattene una ragione"},"content":{"rendered":"<p><span style=\"font-weight: 400;\"><em>Fattene una ragione<\/em> se hai deciso che le Dolomiti non sono la tua meta estiva perch\u00e9 vestirti a cipolla, a fine giornata, ti appiccica addosso la medesima fragranza.<br \/>\n<\/span><span style=\"font-weight: 400;\"><em>Fattene una ragione<\/em> se le grandi capitali europee in estate sono afose ed affollate e vederle \u00e8 bello ma ogni coda, dal museo al panino, ti ricorda la fila al check in dell&#8217;aeroporto.<br \/>\n<\/span><span style=\"font-weight: 400;\"><em>Fattene una ragione<\/em> se il nord Europa \u00e8 s\u00ec civile ma anche un poco troppo uggioso.<br \/>\n<\/span><span style=\"font-weight: 400;\">Se i fiordi sono un gran bel vedere ma a te il salmone vestito, travestito, accessoriato dopo un poco ti viene a noia.<br \/>\n<\/span><span style=\"font-weight: 400;\">Insomma, <em>fattene una ragione<\/em> se la Scozia \u00e8 lussureggiante ma ti costringe ad indossare un Barbour che non \u00e8 nel tuo armadio e comprarlo costa quanto meta\u2019 della vacanza.<br \/>\n<\/span><span style=\"font-weight: 400;\">E sar\u00e0 pure che l\u2019Irlanda \u00e8 verde come una mela della Nuova Zelanda ma \u00e8 pi\u00f9 adatta ad un pastore di greggi o ad uno protestante.<br \/>\n<\/span><span style=\"font-weight: 400;\"><em>Fattene una ragione<\/em> se la Croazia ha coste da brividi come quelli che la sera ti costringeranno ad acquistare, in tutta fretta, un pullover di lana con una scritta ZAGABRIA a caratteri 88.<br \/>\n<\/span><span style=\"font-weight: 400;\"><em>Fattene una ragione<\/em> se i churros sono tanto buoni quanto indigesti e la cioccolata calda \u00e8 pi\u00f9\u2019 adatta ad un pomeriggio invernale e tutto questo fa pace con il paio di insidiose infradito che indossi mentre cerchi, disperatamente, una farmacia di turno che ti venda il Gaviscon.<\/span><\/p>\n<p><span style=\"font-weight: 400;\">Allora, fatta pace con tutto questo ed un migliaio di cose in pi\u00f9, <a href=\"https:\/\/www.ildammuso.com\/it\/dammusi\/\"><strong>vieni a Pantelleria<\/strong><\/a>.<\/span><\/p>\n<p><span style=\"font-weight: 400;\">Il resto lo facciamo noi.\u00a0<\/span><\/p>\n","protected":false},"excerpt":{"rendered":"<p>Sapere scegliere.<\/p>\n","protected":false},"author":1,"featured_media":11874,"comment_status":"open","ping_status":"open","sticky":false,"template":"","format":"standard","meta":{"_acf_changed":false,"footnotes":""},"categories":[441],"tags":[96,91,97,98],"class_list":["post-3096","post","type-post","status-publish","format-standard","has-post-thumbnail","hentry","category-pippe","tag-mare","tag-pantelleria","tag-vacanze","tag-viaggi"],"acf":[],"yoast_head":"<!-- This site is optimized with the Yoast SEO plugin v27.4 - https:\/\/yoast.com\/product\/yoast-seo-wordpress\/ -->\n<title>Fattene una ragione | Il Dammuso<\/title>\n<meta name=\"description\" content=\"Fattene una ragione se anche questa estate deciderai di venire a Pantelleria. Noi ti aspettiamo.\" \/>\n<meta name=\"robots\" content=\"index, follow, max-snippet:-1, max-image-preview:large, max-video-preview:-1\" \/>\n<link rel=\"canonical\" href=\"https:\/\/www.ildammuso.com\/it\/fattene-una-ragione\/\" \/>\n<meta property=\"og:locale\" content=\"it_IT\" \/>\n<meta property=\"og:type\" content=\"article\" \/>\n<meta property=\"og:title\" content=\"Fattene una ragione | Il Dammuso\" \/>\n<meta property=\"og:description\" content=\"Fattene una ragione se anche questa estate deciderai di venire a Pantelleria. Noi ti aspettiamo.\" \/>\n<meta property=\"og:url\" content=\"https:\/\/www.ildammuso.com\/it\/fattene-una-ragione\/\" \/>\n<meta property=\"og:site_name\" content=\"Il Dammuso\" \/>\n<meta property=\"article:publisher\" content=\"https:\/\/www.facebook.com\/ildammusodipantelleria\/\" \/>\n<meta property=\"article:published_time\" content=\"2021-01-18T09:30:00+00:00\" \/>\n<meta property=\"article:modified_time\" content=\"2022-09-29T10:09:21+00:00\" \/>\n<meta property=\"og:image\" content=\"https:\/\/storage1254.cdn-immedia.net\/wp-content\/uploads\/2021\/03\/benimingallo_dammuso-scaled.jpeg\" \/>\n\t<meta property=\"og:image:width\" content=\"2560\" \/>\n\t<meta property=\"og:image:height\" content=\"1707\" \/>\n\t<meta property=\"og:image:type\" content=\"image\/jpeg\" \/>\n<meta name=\"author\" content=\"ildammuso-com\" \/>\n<meta name=\"twitter:card\" content=\"summary_large_image\" \/>\n<meta name=\"twitter:label1\" content=\"Scritto da\" \/>\n\t<meta name=\"twitter:data1\" content=\"ildammuso-com\" \/>\n\t<meta name=\"twitter:label2\" content=\"Tempo di lettura stimato\" \/>\n\t<meta name=\"twitter:data2\" content=\"2 minuti\" \/>\n<script type=\"application\/ld+json\" class=\"yoast-schema-graph\">{\"@context\":\"https:\\\/\\\/schema.org\",\"@graph\":[{\"@type\":\"Article\",\"@id\":\"https:\\\/\\\/www.ildammuso.com\\\/it\\\/fattene-una-ragione\\\/#article\",\"isPartOf\":{\"@id\":\"https:\\\/\\\/www.ildammuso.com\\\/it\\\/fattene-una-ragione\\\/\"},\"author\":{\"name\":\"ildammuso-com\",\"@id\":\"https:\\\/\\\/www.ildammuso.com\\\/it\\\/#\\\/schema\\\/person\\\/d0a909ca6406e22888ca8d8dfcd59d1f\"},\"headline\":\"Fattene una ragione\",\"datePublished\":\"2021-01-18T09:30:00+00:00\",\"dateModified\":\"2022-09-29T10:09:21+00:00\",\"mainEntityOfPage\":{\"@id\":\"https:\\\/\\\/www.ildammuso.com\\\/it\\\/fattene-una-ragione\\\/\"},\"wordCount\":253,\"commentCount\":0,\"publisher\":{\"@id\":\"https:\\\/\\\/www.ildammuso.com\\\/it\\\/#organization\"},\"image\":{\"@id\":\"https:\\\/\\\/www.ildammuso.com\\\/it\\\/fattene-una-ragione\\\/#primaryimage\"},\"thumbnailUrl\":\"https:\\\/\\\/www.ildammuso.com\\\/wp-content\\\/uploads\\\/2021\\\/03\\\/benimingallo_dammuso-scaled.jpeg\",\"keywords\":[\"mare\",\"pantelleria\",\"vacanze\",\"viaggi\"],\"articleSection\":[\"Pippe d'altura\"],\"inLanguage\":\"it-IT\",\"potentialAction\":[{\"@type\":\"CommentAction\",\"name\":\"Comment\",\"target\":[\"https:\\\/\\\/www.ildammuso.com\\\/it\\\/fattene-una-ragione\\\/#respond\"]}]},{\"@type\":\"WebPage\",\"@id\":\"https:\\\/\\\/www.ildammuso.com\\\/it\\\/fattene-una-ragione\\\/\",\"url\":\"https:\\\/\\\/www.ildammuso.com\\\/it\\\/fattene-una-ragione\\\/\",\"name\":\"Fattene una ragione | Il Dammuso\",\"isPartOf\":{\"@id\":\"https:\\\/\\\/www.ildammuso.com\\\/it\\\/#website\"},\"primaryImageOfPage\":{\"@id\":\"https:\\\/\\\/www.ildammuso.com\\\/it\\\/fattene-una-ragione\\\/#primaryimage\"},\"image\":{\"@id\":\"https:\\\/\\\/www.ildammuso.com\\\/it\\\/fattene-una-ragione\\\/#primaryimage\"},\"thumbnailUrl\":\"https:\\\/\\\/www.ildammuso.com\\\/wp-content\\\/uploads\\\/2021\\\/03\\\/benimingallo_dammuso-scaled.jpeg\",\"datePublished\":\"2021-01-18T09:30:00+00:00\",\"dateModified\":\"2022-09-29T10:09:21+00:00\",\"description\":\"Fattene una ragione se anche questa estate deciderai di venire a Pantelleria. Noi ti aspettiamo.\",\"breadcrumb\":{\"@id\":\"https:\\\/\\\/www.ildammuso.com\\\/it\\\/fattene-una-ragione\\\/#breadcrumb\"},\"inLanguage\":\"it-IT\",\"potentialAction\":[{\"@type\":\"ReadAction\",\"target\":[\"https:\\\/\\\/www.ildammuso.com\\\/it\\\/fattene-una-ragione\\\/\"]}]},{\"@type\":\"ImageObject\",\"inLanguage\":\"it-IT\",\"@id\":\"https:\\\/\\\/www.ildammuso.com\\\/it\\\/fattene-una-ragione\\\/#primaryimage\",\"url\":\"https:\\\/\\\/www.ildammuso.com\\\/wp-content\\\/uploads\\\/2021\\\/03\\\/benimingallo_dammuso-scaled.jpeg\",\"contentUrl\":\"https:\\\/\\\/www.ildammuso.com\\\/wp-content\\\/uploads\\\/2021\\\/03\\\/benimingallo_dammuso-scaled.jpeg\",\"width\":2560,\"height\":1707,\"caption\":\"Benimingallo\"},{\"@type\":\"BreadcrumbList\",\"@id\":\"https:\\\/\\\/www.ildammuso.com\\\/it\\\/fattene-una-ragione\\\/#breadcrumb\",\"itemListElement\":[{\"@type\":\"ListItem\",\"position\":1,\"name\":\"Home\",\"item\":\"https:\\\/\\\/www.ildammuso.com\\\/it\\\/\"},{\"@type\":\"ListItem\",\"position\":2,\"name\":\"&nbsp;\"}]},{\"@type\":\"WebSite\",\"@id\":\"https:\\\/\\\/www.ildammuso.com\\\/it\\\/#website\",\"url\":\"https:\\\/\\\/www.ildammuso.com\\\/it\\\/\",\"name\":\"Il Dammuso\",\"description\":\"Il tuo Dammuso a Pantelleria\",\"publisher\":{\"@id\":\"https:\\\/\\\/www.ildammuso.com\\\/it\\\/#organization\"},\"potentialAction\":[{\"@type\":\"SearchAction\",\"target\":{\"@type\":\"EntryPoint\",\"urlTemplate\":\"https:\\\/\\\/www.ildammuso.com\\\/it\\\/?s={search_term_string}\"},\"query-input\":{\"@type\":\"PropertyValueSpecification\",\"valueRequired\":true,\"valueName\":\"search_term_string\"}}],\"inLanguage\":\"it-IT\"},{\"@type\":\"Organization\",\"@id\":\"https:\\\/\\\/www.ildammuso.com\\\/it\\\/#organization\",\"name\":\"Il Dammuso\",\"url\":\"https:\\\/\\\/www.ildammuso.com\\\/it\\\/\",\"logo\":{\"@type\":\"ImageObject\",\"inLanguage\":\"it-IT\",\"@id\":\"https:\\\/\\\/www.ildammuso.com\\\/it\\\/#\\\/schema\\\/logo\\\/image\\\/\",\"url\":\"https:\\\/\\\/www.ildammuso.com\\\/wp-content\\\/uploads\\\/2022\\\/06\\\/logo-ildammuso.jpg\",\"contentUrl\":\"https:\\\/\\\/www.ildammuso.com\\\/wp-content\\\/uploads\\\/2022\\\/06\\\/logo-ildammuso.jpg\",\"width\":426,\"height\":395,\"caption\":\"Il Dammuso\"},\"image\":{\"@id\":\"https:\\\/\\\/www.ildammuso.com\\\/it\\\/#\\\/schema\\\/logo\\\/image\\\/\"},\"sameAs\":[\"https:\\\/\\\/www.facebook.com\\\/ildammusodipantelleria\\\/\",\"https:\\\/\\\/www.instagram.com\\\/ildammusogram\\\/\"]},{\"@type\":\"Person\",\"@id\":\"https:\\\/\\\/www.ildammuso.com\\\/it\\\/#\\\/schema\\\/person\\\/d0a909ca6406e22888ca8d8dfcd59d1f\",\"name\":\"ildammuso-com\",\"image\":{\"@type\":\"ImageObject\",\"inLanguage\":\"it-IT\",\"@id\":\"https:\\\/\\\/secure.gravatar.com\\\/avatar\\\/98cbd846e82532f860b5a0cfe7f6120b4319f5a17ecbd5bb0b839b62429b0fc2?s=96&d=mm&r=g\",\"url\":\"https:\\\/\\\/secure.gravatar.com\\\/avatar\\\/98cbd846e82532f860b5a0cfe7f6120b4319f5a17ecbd5bb0b839b62429b0fc2?s=96&d=mm&r=g\",\"contentUrl\":\"https:\\\/\\\/secure.gravatar.com\\\/avatar\\\/98cbd846e82532f860b5a0cfe7f6120b4319f5a17ecbd5bb0b839b62429b0fc2?s=96&d=mm&r=g\",\"caption\":\"ildammuso-com\"},\"sameAs\":[\"https:\\\/\\\/www.ildammuso.com\"]}]}<\/script>\n<!-- \/ Yoast SEO plugin. -->","yoast_head_json":{"title":"Fattene una ragione | Il Dammuso","description":"Fattene una ragione se anche questa estate deciderai di venire a Pantelleria. Noi ti aspettiamo.","robots":{"index":"index","follow":"follow","max-snippet":"max-snippet:-1","max-image-preview":"max-image-preview:large","max-video-preview":"max-video-preview:-1"},"canonical":"https:\/\/www.ildammuso.com\/it\/fattene-una-ragione\/","og_locale":"it_IT","og_type":"article","og_title":"Fattene una ragione | Il Dammuso","og_description":"Fattene una ragione se anche questa estate deciderai di venire a Pantelleria. Noi ti aspettiamo.","og_url":"https:\/\/www.ildammuso.com\/it\/fattene-una-ragione\/","og_site_name":"Il Dammuso","article_publisher":"https:\/\/www.facebook.com\/ildammusodipantelleria\/","article_published_time":"2021-01-18T09:30:00+00:00","article_modified_time":"2022-09-29T10:09:21+00:00","og_image":[{"width":2560,"height":1707,"url":"https:\/\/storage1254.cdn-immedia.net\/wp-content\/uploads\/2021\/03\/benimingallo_dammuso-scaled.jpeg","type":"image\/jpeg"}],"author":"ildammuso-com","twitter_card":"summary_large_image","twitter_misc":{"Scritto da":"ildammuso-com","Tempo di lettura stimato":"2 minuti"},"schema":{"@context":"https:\/\/schema.org","@graph":[{"@type":"Article","@id":"https:\/\/www.ildammuso.com\/it\/fattene-una-ragione\/#article","isPartOf":{"@id":"https:\/\/www.ildammuso.com\/it\/fattene-una-ragione\/"},"author":{"name":"ildammuso-com","@id":"https:\/\/www.ildammuso.com\/it\/#\/schema\/person\/d0a909ca6406e22888ca8d8dfcd59d1f"},"headline":"Fattene una ragione","datePublished":"2021-01-18T09:30:00+00:00","dateModified":"2022-09-29T10:09:21+00:00","mainEntityOfPage":{"@id":"https:\/\/www.ildammuso.com\/it\/fattene-una-ragione\/"},"wordCount":253,"commentCount":0,"publisher":{"@id":"https:\/\/www.ildammuso.com\/it\/#organization"},"image":{"@id":"https:\/\/www.ildammuso.com\/it\/fattene-una-ragione\/#primaryimage"},"thumbnailUrl":"https:\/\/storage1254.cdn-immedia.net\/wp-content\/uploads\/2021\/03\/benimingallo_dammuso-scaled.jpeg","keywords":["mare","pantelleria","vacanze","viaggi"],"articleSection":["Pippe d'altura"],"inLanguage":"it-IT","potentialAction":[{"@type":"CommentAction","name":"Comment","target":["https:\/\/www.ildammuso.com\/it\/fattene-una-ragione\/#respond"]}]},{"@type":"WebPage","@id":"https:\/\/www.ildammuso.com\/it\/fattene-una-ragione\/","url":"https:\/\/www.ildammuso.com\/it\/fattene-una-ragione\/","name":"Fattene una ragione | Il Dammuso","isPartOf":{"@id":"https:\/\/www.ildammuso.com\/it\/#website"},"primaryImageOfPage":{"@id":"https:\/\/www.ildammuso.com\/it\/fattene-una-ragione\/#primaryimage"},"image":{"@id":"https:\/\/www.ildammuso.com\/it\/fattene-una-ragione\/#primaryimage"},"thumbnailUrl":"https:\/\/storage1254.cdn-immedia.net\/wp-content\/uploads\/2021\/03\/benimingallo_dammuso-scaled.jpeg","datePublished":"2021-01-18T09:30:00+00:00","dateModified":"2022-09-29T10:09:21+00:00","description":"Fattene una ragione se anche questa estate deciderai di venire a Pantelleria. Noi ti aspettiamo.","breadcrumb":{"@id":"https:\/\/www.ildammuso.com\/it\/fattene-una-ragione\/#breadcrumb"},"inLanguage":"it-IT","potentialAction":[{"@type":"ReadAction","target":["https:\/\/www.ildammuso.com\/it\/fattene-una-ragione\/"]}]},{"@type":"ImageObject","inLanguage":"it-IT","@id":"https:\/\/www.ildammuso.com\/it\/fattene-una-ragione\/#primaryimage","url":"https:\/\/storage1254.cdn-immedia.net\/wp-content\/uploads\/2021\/03\/benimingallo_dammuso-scaled.jpeg","contentUrl":"https:\/\/storage1254.cdn-immedia.net\/wp-content\/uploads\/2021\/03\/benimingallo_dammuso-scaled.jpeg","width":2560,"height":1707,"caption":"Benimingallo"},{"@type":"BreadcrumbList","@id":"https:\/\/www.ildammuso.com\/it\/fattene-una-ragione\/#breadcrumb","itemListElement":[{"@type":"ListItem","position":1,"name":"Home","item":"https:\/\/www.ildammuso.com\/it\/"},{"@type":"ListItem","position":2,"name":"&nbsp;"}]},{"@type":"WebSite","@id":"https:\/\/www.ildammuso.com\/it\/#website","url":"https:\/\/www.ildammuso.com\/it\/","name":"Il Dammuso","description":"Il tuo Dammuso a Pantelleria","publisher":{"@id":"https:\/\/www.ildammuso.com\/it\/#organization"},"potentialAction":[{"@type":"SearchAction","target":{"@type":"EntryPoint","urlTemplate":"https:\/\/www.ildammuso.com\/it\/?s={search_term_string}"},"query-input":{"@type":"PropertyValueSpecification","valueRequired":true,"valueName":"search_term_string"}}],"inLanguage":"it-IT"},{"@type":"Organization","@id":"https:\/\/www.ildammuso.com\/it\/#organization","name":"Il Dammuso","url":"https:\/\/www.ildammuso.com\/it\/","logo":{"@type":"ImageObject","inLanguage":"it-IT","@id":"https:\/\/www.ildammuso.com\/it\/#\/schema\/logo\/image\/","url":"https:\/\/storage1254.cdn-immedia.net\/wp-content\/uploads\/2022\/06\/logo-ildammuso.jpg","contentUrl":"https:\/\/storage1254.cdn-immedia.net\/wp-content\/uploads\/2022\/06\/logo-ildammuso.jpg","width":426,"height":395,"caption":"Il Dammuso"},"image":{"@id":"https:\/\/www.ildammuso.com\/it\/#\/schema\/logo\/image\/"},"sameAs":["https:\/\/www.facebook.com\/ildammusodipantelleria\/","https:\/\/www.instagram.com\/ildammusogram\/"]},{"@type":"Person","@id":"https:\/\/www.ildammuso.com\/it\/#\/schema\/person\/d0a909ca6406e22888ca8d8dfcd59d1f","name":"ildammuso-com","image":{"@type":"ImageObject","inLanguage":"it-IT","@id":"https:\/\/secure.gravatar.com\/avatar\/98cbd846e82532f860b5a0cfe7f6120b4319f5a17ecbd5bb0b839b62429b0fc2?s=96&d=mm&r=g","url":"https:\/\/secure.gravatar.com\/avatar\/98cbd846e82532f860b5a0cfe7f6120b4319f5a17ecbd5bb0b839b62429b0fc2?s=96&d=mm&r=g","contentUrl":"https:\/\/secure.gravatar.com\/avatar\/98cbd846e82532f860b5a0cfe7f6120b4319f5a17ecbd5bb0b839b62429b0fc2?s=96&d=mm&r=g","caption":"ildammuso-com"},"sameAs":["https:\/\/www.ildammuso.com"]}]}},"_links":{"self":[{"href":"https:\/\/www.ildammuso.com\/it\/wp-json\/wp\/v2\/posts\/3096","targetHints":{"allow":["GET"]}}],"collection":[{"href":"https:\/\/www.ildammuso.com\/it\/wp-json\/wp\/v2\/posts"}],"about":[{"href":"https:\/\/www.ildammuso.com\/it\/wp-json\/wp\/v2\/types\/post"}],"author":[{"embeddable":true,"href":"https:\/\/www.ildammuso.com\/it\/wp-json\/wp\/v2\/users\/1"}],"replies":[{"embeddable":true,"href":"https:\/\/www.ildammuso.com\/it\/wp-json\/wp\/v2\/comments?post=3096"}],"version-history":[{"count":4,"href":"https:\/\/www.ildammuso.com\/it\/wp-json\/wp\/v2\/posts\/3096\/revisions"}],"predecessor-version":[{"id":16394,"href":"https:\/\/www.ildammuso.com\/it\/wp-json\/wp\/v2\/posts\/3096\/revisions\/16394"}],"wp:featuredmedia":[{"embeddable":true,"href":"https:\/\/www.ildammuso.com\/it\/wp-json\/wp\/v2\/media\/11874"}],"wp:attachment":[{"href":"https:\/\/www.ildammuso.com\/it\/wp-json\/wp\/v2\/media?parent=3096"}],"wp:term":[{"taxonomy":"category","embeddable":true,"href":"https:\/\/www.ildammuso.com\/it\/wp-json\/wp\/v2\/categories?post=3096"},{"taxonomy":"post_tag","embeddable":true,"href":"https:\/\/www.ildammuso.com\/it\/wp-json\/wp\/v2\/tags?post=3096"}],"curies":[{"name":"wp","href":"https:\/\/api.w.org\/{rel}","templated":true}]}}