{"id":3127,"date":"2021-02-11T14:24:00","date_gmt":"2021-02-11T13:24:00","guid":{"rendered":"https:\/\/www.ildammuso.com\/?p=3127"},"modified":"2022-09-28T14:45:58","modified_gmt":"2022-09-28T12:45:58","slug":"pantelleria-la-vergine-ambrata","status":"publish","type":"post","link":"https:\/\/www.ildammuso.com\/it\/pantelleria-la-vergine-ambrata\/","title":{"rendered":"Pantelleria, la vergine ambrata"},"content":{"rendered":"<p><span style=\"font-weight: 400;\">La strada perimetrale di Pantelleria bisogna immaginarla, n\u00e9 pi\u00f9 e n\u00e9 meno, come l\u2019ampia balconata di un belvedere.<br \/>\n<\/span><span style=\"font-weight: 400;\">Certo \u00e8 che 53 chilometri di costa, a tutto tondo, non sono pochi e la carreggiata non \u00e8 delle pi\u00f9 ampie; a tratti la vista lambisce il mare, in altri punti, a sud dell\u2019isola, la via ti costringe a rifugiarti verso l\u2019interno, ma di quel tanto che basta per non perdere mai d\u2019occhio il tratto blu.<br \/>\n<\/span><span style=\"font-weight: 400;\">L\u2019isola ha un suo carattere: depressioni e altezze.<br \/>\n<\/span><span style=\"font-weight: 400;\">Dai piccoli crateri, ancora attivi, da cui esce un vapore benefico, alla <a href=\"https:\/\/www.ildammuso.com\/it\/pantelleria\/montagna-grande-pantelleria\/\">Montagna Grande<\/a> (836 sul livello del mare) che \u00e8 proprio montagna, e non collina, per la sua natura rocciosa e la fitta vegetazione che la ricopre.<br \/>\n<\/span><span style=\"font-weight: 400;\">Se \u00e8 di carattere che vogliamo parlare, quest\u2019isola ci ricorda, in ogni istante, di essere, in primo luogo, un \u201cessere vivente\u201d: pulsa, respira, sfiata, si muove costantemente sotto lo scirocco o il maestrale, il suo mare si ritira o ricopre le rocce, di fatto non cammina, ma, senz\u2019altro parla.<br \/>\n<\/span><span style=\"font-weight: 400;\">\u00c8 aspra <\/span><span style=\"font-weight: 400;\">perch\u00e9<\/span><span style=\"font-weight: 400;\"> rocciosa, appena incosciente della sua bellezza, ma sa osare nella sua vicinanza alla terra sua pi\u00f9 prossima che \u00e8 l\u2019Africa, che dista da lei appena settanta chilometri di risacca.<br \/>\n<\/span><span style=\"font-weight: 400;\">Fa di tutto per sembrare scontrosa, come chi la abita, ma \u00e8 ammaliante come una vergine ambrata.<\/span><\/p>\n<p>Foto di Giovanni Matta<\/p>\n","protected":false},"excerpt":{"rendered":"<p>Piccolo ritratto di un&#8217;isola grandiosa.<\/p>\n","protected":false},"author":1,"featured_media":11853,"comment_status":"open","ping_status":"open","sticky":false,"template":"","format":"standard","meta":{"_acf_changed":false,"footnotes":""},"categories":[446],"tags":[127,128,129,130,116,131],"class_list":["post-3127","post","type-post","status-publish","format-standard","has-post-thumbnail","hentry","category-pantelleria-lisola","tag-africa","tag-collina","tag-cratere","tag-montagna","tag-natura","tag-rocce"],"acf":[],"yoast_head":"<!-- This site is optimized with the Yoast SEO plugin v27.2 - https:\/\/yoast.com\/product\/yoast-seo-wordpress\/ -->\n<title>Pantelleria, la vergine ambrata | Il Dammuso<\/title>\n<meta name=\"description\" content=\"Pantelleria non e&#039; semplicemente una roccia che si erge sul mare, e&#039; essere vivo e pulsante. Dalle sue coste fa l&#039;occhiolino alla vicina Africa.\" \/>\n<meta name=\"robots\" content=\"index, follow, max-snippet:-1, max-image-preview:large, max-video-preview:-1\" \/>\n<link rel=\"canonical\" href=\"https:\/\/www.ildammuso.com\/it\/pantelleria-la-vergine-ambrata\/\" \/>\n<meta property=\"og:locale\" content=\"it_IT\" \/>\n<meta property=\"og:type\" content=\"article\" \/>\n<meta property=\"og:title\" content=\"Pantelleria, la vergine ambrata | Il Dammuso\" \/>\n<meta property=\"og:description\" content=\"Pantelleria non e&#039; semplicemente una roccia che si erge sul mare, e&#039; essere vivo e pulsante. Dalle sue coste fa l&#039;occhiolino alla vicina Africa.\" \/>\n<meta property=\"og:url\" content=\"https:\/\/www.ildammuso.com\/it\/pantelleria-la-vergine-ambrata\/\" \/>\n<meta property=\"og:site_name\" content=\"Il Dammuso\" \/>\n<meta property=\"article:publisher\" content=\"https:\/\/www.facebook.com\/ildammusodipantelleria\/\" \/>\n<meta property=\"article:published_time\" content=\"2021-02-11T13:24:00+00:00\" \/>\n<meta property=\"article:modified_time\" content=\"2022-09-28T12:45:58+00:00\" \/>\n<meta property=\"og:image\" content=\"https:\/\/storage1254.cdn-immedia.net\/wp-content\/uploads\/2021\/03\/vergine_ambrata.jpeg\" \/>\n\t<meta property=\"og:image:width\" content=\"1936\" \/>\n\t<meta property=\"og:image:height\" content=\"1936\" \/>\n\t<meta property=\"og:image:type\" content=\"image\/jpeg\" \/>\n<meta name=\"author\" content=\"ildammuso-com\" \/>\n<meta name=\"twitter:card\" content=\"summary_large_image\" \/>\n<meta name=\"twitter:label1\" content=\"Scritto da\" \/>\n\t<meta name=\"twitter:data1\" content=\"ildammuso-com\" \/>\n\t<meta name=\"twitter:label2\" content=\"Tempo di lettura stimato\" \/>\n\t<meta name=\"twitter:data2\" content=\"2 minuti\" \/>\n<script type=\"application\/ld+json\" class=\"yoast-schema-graph\">{\"@context\":\"https:\/\/schema.org\",\"@graph\":[{\"@type\":\"Article\",\"@id\":\"https:\/\/www.ildammuso.com\/it\/pantelleria-la-vergine-ambrata\/#article\",\"isPartOf\":{\"@id\":\"https:\/\/www.ildammuso.com\/it\/pantelleria-la-vergine-ambrata\/\"},\"author\":{\"name\":\"ildammuso-com\",\"@id\":\"https:\/\/www.ildammuso.com\/it\/#\/schema\/person\/d0a909ca6406e22888ca8d8dfcd59d1f\"},\"headline\":\"Pantelleria, la vergine ambrata\",\"datePublished\":\"2021-02-11T13:24:00+00:00\",\"dateModified\":\"2022-09-28T12:45:58+00:00\",\"mainEntityOfPage\":{\"@id\":\"https:\/\/www.ildammuso.com\/it\/pantelleria-la-vergine-ambrata\/\"},\"wordCount\":225,\"commentCount\":0,\"publisher\":{\"@id\":\"https:\/\/www.ildammuso.com\/it\/#organization\"},\"image\":{\"@id\":\"https:\/\/www.ildammuso.com\/it\/pantelleria-la-vergine-ambrata\/#primaryimage\"},\"thumbnailUrl\":\"https:\/\/storage1254.cdn-immedia.net\/wp-content\/uploads\/2021\/03\/vergine_ambrata.jpeg\",\"keywords\":[\"Africa\",\"collina\",\"cratere\",\"montagna\",\"natura\",\"rocce\"],\"articleSection\":[\"Pantelleria, l'isola\"],\"inLanguage\":\"it-IT\",\"potentialAction\":[{\"@type\":\"CommentAction\",\"name\":\"Comment\",\"target\":[\"https:\/\/www.ildammuso.com\/it\/pantelleria-la-vergine-ambrata\/#respond\"]}]},{\"@type\":\"WebPage\",\"@id\":\"https:\/\/www.ildammuso.com\/it\/pantelleria-la-vergine-ambrata\/\",\"url\":\"https:\/\/www.ildammuso.com\/it\/pantelleria-la-vergine-ambrata\/\",\"name\":\"Pantelleria, la vergine ambrata | Il Dammuso\",\"isPartOf\":{\"@id\":\"https:\/\/www.ildammuso.com\/it\/#website\"},\"primaryImageOfPage\":{\"@id\":\"https:\/\/www.ildammuso.com\/it\/pantelleria-la-vergine-ambrata\/#primaryimage\"},\"image\":{\"@id\":\"https:\/\/www.ildammuso.com\/it\/pantelleria-la-vergine-ambrata\/#primaryimage\"},\"thumbnailUrl\":\"https:\/\/storage1254.cdn-immedia.net\/wp-content\/uploads\/2021\/03\/vergine_ambrata.jpeg\",\"datePublished\":\"2021-02-11T13:24:00+00:00\",\"dateModified\":\"2022-09-28T12:45:58+00:00\",\"description\":\"Pantelleria non e' semplicemente una roccia che si erge sul mare, e' essere vivo e pulsante. Dalle sue coste fa l'occhiolino alla vicina Africa.\",\"breadcrumb\":{\"@id\":\"https:\/\/www.ildammuso.com\/it\/pantelleria-la-vergine-ambrata\/#breadcrumb\"},\"inLanguage\":\"it-IT\",\"potentialAction\":[{\"@type\":\"ReadAction\",\"target\":[\"https:\/\/www.ildammuso.com\/it\/pantelleria-la-vergine-ambrata\/\"]}]},{\"@type\":\"ImageObject\",\"inLanguage\":\"it-IT\",\"@id\":\"https:\/\/www.ildammuso.com\/it\/pantelleria-la-vergine-ambrata\/#primaryimage\",\"url\":\"https:\/\/storage1254.cdn-immedia.net\/wp-content\/uploads\/2021\/03\/vergine_ambrata.jpeg\",\"contentUrl\":\"https:\/\/storage1254.cdn-immedia.net\/wp-content\/uploads\/2021\/03\/vergine_ambrata.jpeg\",\"width\":1936,\"height\":1936,\"caption\":\"La vergine ambrata\"},{\"@type\":\"BreadcrumbList\",\"@id\":\"https:\/\/www.ildammuso.com\/it\/pantelleria-la-vergine-ambrata\/#breadcrumb\",\"itemListElement\":[{\"@type\":\"ListItem\",\"position\":1,\"name\":\"Home\",\"item\":\"https:\/\/www.ildammuso.com\/it\/\"},{\"@type\":\"ListItem\",\"position\":2,\"name\":\"&nbsp;\"}]},{\"@type\":\"WebSite\",\"@id\":\"https:\/\/www.ildammuso.com\/it\/#website\",\"url\":\"https:\/\/www.ildammuso.com\/it\/\",\"name\":\"Il Dammuso\",\"description\":\"Il tuo Dammuso a Pantelleria\",\"publisher\":{\"@id\":\"https:\/\/www.ildammuso.com\/it\/#organization\"},\"potentialAction\":[{\"@type\":\"SearchAction\",\"target\":{\"@type\":\"EntryPoint\",\"urlTemplate\":\"https:\/\/www.ildammuso.com\/it\/?s={search_term_string}\"},\"query-input\":{\"@type\":\"PropertyValueSpecification\",\"valueRequired\":true,\"valueName\":\"search_term_string\"}}],\"inLanguage\":\"it-IT\"},{\"@type\":\"Organization\",\"@id\":\"https:\/\/www.ildammuso.com\/it\/#organization\",\"name\":\"Il Dammuso\",\"url\":\"https:\/\/www.ildammuso.com\/it\/\",\"logo\":{\"@type\":\"ImageObject\",\"inLanguage\":\"it-IT\",\"@id\":\"https:\/\/www.ildammuso.com\/it\/#\/schema\/logo\/image\/\",\"url\":\"https:\/\/storage1254.cdn-immedia.net\/wp-content\/uploads\/2022\/06\/logo-ildammuso.jpg\",\"contentUrl\":\"https:\/\/storage1254.cdn-immedia.net\/wp-content\/uploads\/2022\/06\/logo-ildammuso.jpg\",\"width\":426,\"height\":395,\"caption\":\"Il Dammuso\"},\"image\":{\"@id\":\"https:\/\/www.ildammuso.com\/it\/#\/schema\/logo\/image\/\"},\"sameAs\":[\"https:\/\/www.facebook.com\/ildammusodipantelleria\/\",\"https:\/\/www.instagram.com\/ildammusogram\/\"]},{\"@type\":\"Person\",\"@id\":\"https:\/\/www.ildammuso.com\/it\/#\/schema\/person\/d0a909ca6406e22888ca8d8dfcd59d1f\",\"name\":\"ildammuso-com\",\"image\":{\"@type\":\"ImageObject\",\"inLanguage\":\"it-IT\",\"@id\":\"https:\/\/secure.gravatar.com\/avatar\/98cbd846e82532f860b5a0cfe7f6120b4319f5a17ecbd5bb0b839b62429b0fc2?s=96&d=mm&r=g\",\"url\":\"https:\/\/secure.gravatar.com\/avatar\/98cbd846e82532f860b5a0cfe7f6120b4319f5a17ecbd5bb0b839b62429b0fc2?s=96&d=mm&r=g\",\"contentUrl\":\"https:\/\/secure.gravatar.com\/avatar\/98cbd846e82532f860b5a0cfe7f6120b4319f5a17ecbd5bb0b839b62429b0fc2?s=96&d=mm&r=g\",\"caption\":\"ildammuso-com\"},\"sameAs\":[\"https:\/\/www.ildammuso.com\"]}]}<\/script>\n<!-- \/ Yoast SEO plugin. -->","yoast_head_json":{"title":"Pantelleria, la vergine ambrata | Il Dammuso","description":"Pantelleria non e' semplicemente una roccia che si erge sul mare, e' essere vivo e pulsante. Dalle sue coste fa l'occhiolino alla vicina Africa.","robots":{"index":"index","follow":"follow","max-snippet":"max-snippet:-1","max-image-preview":"max-image-preview:large","max-video-preview":"max-video-preview:-1"},"canonical":"https:\/\/www.ildammuso.com\/it\/pantelleria-la-vergine-ambrata\/","og_locale":"it_IT","og_type":"article","og_title":"Pantelleria, la vergine ambrata | Il Dammuso","og_description":"Pantelleria non e' semplicemente una roccia che si erge sul mare, e' essere vivo e pulsante. Dalle sue coste fa l'occhiolino alla vicina Africa.","og_url":"https:\/\/www.ildammuso.com\/it\/pantelleria-la-vergine-ambrata\/","og_site_name":"Il Dammuso","article_publisher":"https:\/\/www.facebook.com\/ildammusodipantelleria\/","article_published_time":"2021-02-11T13:24:00+00:00","article_modified_time":"2022-09-28T12:45:58+00:00","og_image":[{"width":1936,"height":1936,"url":"https:\/\/storage1254.cdn-immedia.net\/wp-content\/uploads\/2021\/03\/vergine_ambrata.jpeg","type":"image\/jpeg"}],"author":"ildammuso-com","twitter_card":"summary_large_image","twitter_misc":{"Scritto da":"ildammuso-com","Tempo di lettura stimato":"2 minuti"},"schema":{"@context":"https:\/\/schema.org","@graph":[{"@type":"Article","@id":"https:\/\/www.ildammuso.com\/it\/pantelleria-la-vergine-ambrata\/#article","isPartOf":{"@id":"https:\/\/www.ildammuso.com\/it\/pantelleria-la-vergine-ambrata\/"},"author":{"name":"ildammuso-com","@id":"https:\/\/www.ildammuso.com\/it\/#\/schema\/person\/d0a909ca6406e22888ca8d8dfcd59d1f"},"headline":"Pantelleria, la vergine ambrata","datePublished":"2021-02-11T13:24:00+00:00","dateModified":"2022-09-28T12:45:58+00:00","mainEntityOfPage":{"@id":"https:\/\/www.ildammuso.com\/it\/pantelleria-la-vergine-ambrata\/"},"wordCount":225,"commentCount":0,"publisher":{"@id":"https:\/\/www.ildammuso.com\/it\/#organization"},"image":{"@id":"https:\/\/www.ildammuso.com\/it\/pantelleria-la-vergine-ambrata\/#primaryimage"},"thumbnailUrl":"https:\/\/storage1254.cdn-immedia.net\/wp-content\/uploads\/2021\/03\/vergine_ambrata.jpeg","keywords":["Africa","collina","cratere","montagna","natura","rocce"],"articleSection":["Pantelleria, l'isola"],"inLanguage":"it-IT","potentialAction":[{"@type":"CommentAction","name":"Comment","target":["https:\/\/www.ildammuso.com\/it\/pantelleria-la-vergine-ambrata\/#respond"]}]},{"@type":"WebPage","@id":"https:\/\/www.ildammuso.com\/it\/pantelleria-la-vergine-ambrata\/","url":"https:\/\/www.ildammuso.com\/it\/pantelleria-la-vergine-ambrata\/","name":"Pantelleria, la vergine ambrata | Il Dammuso","isPartOf":{"@id":"https:\/\/www.ildammuso.com\/it\/#website"},"primaryImageOfPage":{"@id":"https:\/\/www.ildammuso.com\/it\/pantelleria-la-vergine-ambrata\/#primaryimage"},"image":{"@id":"https:\/\/www.ildammuso.com\/it\/pantelleria-la-vergine-ambrata\/#primaryimage"},"thumbnailUrl":"https:\/\/storage1254.cdn-immedia.net\/wp-content\/uploads\/2021\/03\/vergine_ambrata.jpeg","datePublished":"2021-02-11T13:24:00+00:00","dateModified":"2022-09-28T12:45:58+00:00","description":"Pantelleria non e' semplicemente una roccia che si erge sul mare, e' essere vivo e pulsante. Dalle sue coste fa l'occhiolino alla vicina Africa.","breadcrumb":{"@id":"https:\/\/www.ildammuso.com\/it\/pantelleria-la-vergine-ambrata\/#breadcrumb"},"inLanguage":"it-IT","potentialAction":[{"@type":"ReadAction","target":["https:\/\/www.ildammuso.com\/it\/pantelleria-la-vergine-ambrata\/"]}]},{"@type":"ImageObject","inLanguage":"it-IT","@id":"https:\/\/www.ildammuso.com\/it\/pantelleria-la-vergine-ambrata\/#primaryimage","url":"https:\/\/storage1254.cdn-immedia.net\/wp-content\/uploads\/2021\/03\/vergine_ambrata.jpeg","contentUrl":"https:\/\/storage1254.cdn-immedia.net\/wp-content\/uploads\/2021\/03\/vergine_ambrata.jpeg","width":1936,"height":1936,"caption":"La vergine ambrata"},{"@type":"BreadcrumbList","@id":"https:\/\/www.ildammuso.com\/it\/pantelleria-la-vergine-ambrata\/#breadcrumb","itemListElement":[{"@type":"ListItem","position":1,"name":"Home","item":"https:\/\/www.ildammuso.com\/it\/"},{"@type":"ListItem","position":2,"name":"&nbsp;"}]},{"@type":"WebSite","@id":"https:\/\/www.ildammuso.com\/it\/#website","url":"https:\/\/www.ildammuso.com\/it\/","name":"Il Dammuso","description":"Il tuo Dammuso a Pantelleria","publisher":{"@id":"https:\/\/www.ildammuso.com\/it\/#organization"},"potentialAction":[{"@type":"SearchAction","target":{"@type":"EntryPoint","urlTemplate":"https:\/\/www.ildammuso.com\/it\/?s={search_term_string}"},"query-input":{"@type":"PropertyValueSpecification","valueRequired":true,"valueName":"search_term_string"}}],"inLanguage":"it-IT"},{"@type":"Organization","@id":"https:\/\/www.ildammuso.com\/it\/#organization","name":"Il Dammuso","url":"https:\/\/www.ildammuso.com\/it\/","logo":{"@type":"ImageObject","inLanguage":"it-IT","@id":"https:\/\/www.ildammuso.com\/it\/#\/schema\/logo\/image\/","url":"https:\/\/storage1254.cdn-immedia.net\/wp-content\/uploads\/2022\/06\/logo-ildammuso.jpg","contentUrl":"https:\/\/storage1254.cdn-immedia.net\/wp-content\/uploads\/2022\/06\/logo-ildammuso.jpg","width":426,"height":395,"caption":"Il Dammuso"},"image":{"@id":"https:\/\/www.ildammuso.com\/it\/#\/schema\/logo\/image\/"},"sameAs":["https:\/\/www.facebook.com\/ildammusodipantelleria\/","https:\/\/www.instagram.com\/ildammusogram\/"]},{"@type":"Person","@id":"https:\/\/www.ildammuso.com\/it\/#\/schema\/person\/d0a909ca6406e22888ca8d8dfcd59d1f","name":"ildammuso-com","image":{"@type":"ImageObject","inLanguage":"it-IT","@id":"https:\/\/secure.gravatar.com\/avatar\/98cbd846e82532f860b5a0cfe7f6120b4319f5a17ecbd5bb0b839b62429b0fc2?s=96&d=mm&r=g","url":"https:\/\/secure.gravatar.com\/avatar\/98cbd846e82532f860b5a0cfe7f6120b4319f5a17ecbd5bb0b839b62429b0fc2?s=96&d=mm&r=g","contentUrl":"https:\/\/secure.gravatar.com\/avatar\/98cbd846e82532f860b5a0cfe7f6120b4319f5a17ecbd5bb0b839b62429b0fc2?s=96&d=mm&r=g","caption":"ildammuso-com"},"sameAs":["https:\/\/www.ildammuso.com"]}]}},"_links":{"self":[{"href":"https:\/\/www.ildammuso.com\/it\/wp-json\/wp\/v2\/posts\/3127","targetHints":{"allow":["GET"]}}],"collection":[{"href":"https:\/\/www.ildammuso.com\/it\/wp-json\/wp\/v2\/posts"}],"about":[{"href":"https:\/\/www.ildammuso.com\/it\/wp-json\/wp\/v2\/types\/post"}],"author":[{"embeddable":true,"href":"https:\/\/www.ildammuso.com\/it\/wp-json\/wp\/v2\/users\/1"}],"replies":[{"embeddable":true,"href":"https:\/\/www.ildammuso.com\/it\/wp-json\/wp\/v2\/comments?post=3127"}],"version-history":[{"count":4,"href":"https:\/\/www.ildammuso.com\/it\/wp-json\/wp\/v2\/posts\/3127\/revisions"}],"predecessor-version":[{"id":16348,"href":"https:\/\/www.ildammuso.com\/it\/wp-json\/wp\/v2\/posts\/3127\/revisions\/16348"}],"wp:featuredmedia":[{"embeddable":true,"href":"https:\/\/www.ildammuso.com\/it\/wp-json\/wp\/v2\/media\/11853"}],"wp:attachment":[{"href":"https:\/\/www.ildammuso.com\/it\/wp-json\/wp\/v2\/media?parent=3127"}],"wp:term":[{"taxonomy":"category","embeddable":true,"href":"https:\/\/www.ildammuso.com\/it\/wp-json\/wp\/v2\/categories?post=3127"},{"taxonomy":"post_tag","embeddable":true,"href":"https:\/\/www.ildammuso.com\/it\/wp-json\/wp\/v2\/tags?post=3127"}],"curies":[{"name":"wp","href":"https:\/\/api.w.org\/{rel}","templated":true}]}}