{"id":3161,"date":"2021-03-12T15:54:00","date_gmt":"2021-03-12T14:54:00","guid":{"rendered":"https:\/\/www.ildammuso.com\/?p=3161"},"modified":"2022-09-28T15:05:00","modified_gmt":"2022-09-28T13:05:00","slug":"ti-affitto-il-mio-dammuso-dai-tetti-ai-letti","status":"publish","type":"post","link":"https:\/\/www.ildammuso.com\/it\/ti-affitto-il-mio-dammuso-dai-tetti-ai-letti\/","title":{"rendered":"TI AFFITTO IL MIO DAMMUSO, DAI TETTI AI LETTI"},"content":{"rendered":"<p>Un <a href=\"https:\/\/www.ildammuso.com\/it\/dammusi\/cuddia\/\">dammuso<\/a> lo puoi affittare per una serie infinite di ragioni, in una forbice che va dal lavoro al piacere.<\/p>\n<p>Ma affittare un dammuso \u00e8 come direbbe qualsiasi uomo di scienza un \u201cesito\u201d, perch\u00e9 non puoi affittarlo se non ne possiedi uno e se ne possiedi uno \u00e8 perch\u00e9 hai deciso di investire una somma di denaro per avere questo tipo di casa in un preciso luogo del mondo che \u00e8 Pantelleria, pertanto tutto il resto pu\u00f2 solo essere un evento a cascata.<\/p>\n<p>Pertanto, in primo luogo, in un qualche momento della tua vita, devi essere arrivato su questa isola ed essersene innamorato; devi, sicuramente, esserci tornato pi\u00f9 volte per capire che era un luogo che ti richiamava; devi avere pensato di voler trascorrere l\u00ec del tempo con una certa continuit\u00e0 ed infine avrai pensato che, in quel posto e in nessun altro, avresti voluto una casa e siccome qui le CASE sono i DAMMUSI ne avrai scelto uno.<\/p>\n<p>Fatto questo, a seconda delle tue possibilit\u00e0 o dei tuoi gusti, avrai deciso dove piantare un quadro, appendere l\u2019amaca e come e dove sistemare divani e poltrone. Col tempo avrai capito dove spira la brezza al mattino e qual \u00e8 il posto migliore dal quale godersi il tramonto e pian piano, dentro e fuori dal tuo dammuso, avrai sistemato ogni tua cosa perch\u00e9 questa fosse \u201cal suo posto\u201d.<\/p>\n<p>Quale che sia la ragione che induce ad affittare un luogo come il proprio dammuso, \u00e8 sia un business che un\u2019espressione di generosa fiducia che si fa nei confronti di estranei. Non crediate che sia tanto differente dal far indossare a qualcuno i propri jeans preferiti o il pi\u00f9 elegante fra i vostri abiti.<\/p>\n<p>Un Dammuso \u00e8 un Dammuso ed \u00e8 come se lo avesse cucito addosso a voi e per voi la migliore tra le sarte; si tratta di un prestito, a fronte di denaro, di un posto di cui avete misurato la larghezza delle mura, contato i passi dall\u2019aiuola al terrazzo, misurato la larghezza delle aiuole e puntato, una sveglia al mattino, per vedere sorgere l\u2019alba in un punto preciso della vostra terrazza.<\/p>\n<p>Affittare le emozioni \u00e8 una cosa veramente difficile, ma con un dammuso non \u00e8 affatto escluso che ci si riesca.<\/p>\n<p>Foto di Giovanni Matta<\/p>\n","protected":false},"excerpt":{"rendered":"<p>Affittare un Dammuso, da cliente a ospite e viceversa<\/p>\n","protected":false},"author":1,"featured_media":11821,"comment_status":"open","ping_status":"open","sticky":false,"template":"","format":"standard","meta":{"_acf_changed":false,"footnotes":""},"categories":[716,440],"tags":[180,179,109,181,182,91,178],"class_list":["post-3161","post","type-post","status-publish","format-standard","has-post-thumbnail","hentry","category-dammusi-e-parole","category-istruzioni-per-l-uso","tag-alba","tag-brezza","tag-dammuso","tag-emozioni","tag-giardino","tag-pantelleria","tag-tramonto"],"acf":[],"yoast_head":"<!-- This site is optimized with the Yoast SEO plugin v27.4 - https:\/\/yoast.com\/product\/yoast-seo-wordpress\/ -->\n<title>TI AFFITTO IL MIO DAMMUSO, DAI TETTI AI LETTI | Il Dammuso<\/title>\n<meta name=\"description\" content=\"Affittare un dammuso e&#039; regalare un pezzo della propria vita ad altri o far si che altri partecipino al sogno di una vita.\" \/>\n<meta name=\"robots\" content=\"index, follow, max-snippet:-1, max-image-preview:large, max-video-preview:-1\" \/>\n<link rel=\"canonical\" href=\"https:\/\/www.ildammuso.com\/it\/ti-affitto-il-mio-dammuso-dai-tetti-ai-letti\/\" \/>\n<meta property=\"og:locale\" content=\"it_IT\" \/>\n<meta property=\"og:type\" content=\"article\" \/>\n<meta property=\"og:title\" content=\"TI AFFITTO IL MIO DAMMUSO, DAI TETTI AI LETTI | Il Dammuso\" \/>\n<meta property=\"og:description\" content=\"Affittare un dammuso e&#039; regalare un pezzo della propria vita ad altri o far si che altri partecipino al sogno di una vita.\" \/>\n<meta property=\"og:url\" content=\"https:\/\/www.ildammuso.com\/it\/ti-affitto-il-mio-dammuso-dai-tetti-ai-letti\/\" \/>\n<meta property=\"og:site_name\" content=\"Il Dammuso\" \/>\n<meta property=\"article:publisher\" content=\"https:\/\/www.facebook.com\/ildammusodipantelleria\/\" \/>\n<meta property=\"article:published_time\" content=\"2021-03-12T14:54:00+00:00\" \/>\n<meta property=\"article:modified_time\" content=\"2022-09-28T13:05:00+00:00\" \/>\n<meta property=\"og:image\" content=\"https:\/\/storage1254.cdn-immedia.net\/wp-content\/uploads\/2021\/03\/tetto.dammuso-scaled.jpeg\" \/>\n\t<meta property=\"og:image:width\" content=\"2560\" \/>\n\t<meta property=\"og:image:height\" content=\"1707\" \/>\n\t<meta property=\"og:image:type\" content=\"image\/jpeg\" \/>\n<meta name=\"author\" content=\"ildammuso-com\" \/>\n<meta name=\"twitter:card\" content=\"summary_large_image\" \/>\n<meta name=\"twitter:label1\" content=\"Scritto da\" \/>\n\t<meta name=\"twitter:data1\" content=\"ildammuso-com\" \/>\n\t<meta name=\"twitter:label2\" content=\"Tempo di lettura stimato\" \/>\n\t<meta name=\"twitter:data2\" content=\"2 minuti\" \/>\n<script type=\"application\/ld+json\" class=\"yoast-schema-graph\">{\"@context\":\"https:\\\/\\\/schema.org\",\"@graph\":[{\"@type\":\"Article\",\"@id\":\"https:\\\/\\\/www.ildammuso.com\\\/it\\\/ti-affitto-il-mio-dammuso-dai-tetti-ai-letti\\\/#article\",\"isPartOf\":{\"@id\":\"https:\\\/\\\/www.ildammuso.com\\\/it\\\/ti-affitto-il-mio-dammuso-dai-tetti-ai-letti\\\/\"},\"author\":{\"name\":\"ildammuso-com\",\"@id\":\"https:\\\/\\\/www.ildammuso.com\\\/it\\\/#\\\/schema\\\/person\\\/d0a909ca6406e22888ca8d8dfcd59d1f\"},\"headline\":\"TI AFFITTO IL MIO DAMMUSO, DAI TETTI AI LETTI\",\"datePublished\":\"2021-03-12T14:54:00+00:00\",\"dateModified\":\"2022-09-28T13:05:00+00:00\",\"mainEntityOfPage\":{\"@id\":\"https:\\\/\\\/www.ildammuso.com\\\/it\\\/ti-affitto-il-mio-dammuso-dai-tetti-ai-letti\\\/\"},\"wordCount\":380,\"commentCount\":0,\"publisher\":{\"@id\":\"https:\\\/\\\/www.ildammuso.com\\\/it\\\/#organization\"},\"image\":{\"@id\":\"https:\\\/\\\/www.ildammuso.com\\\/it\\\/ti-affitto-il-mio-dammuso-dai-tetti-ai-letti\\\/#primaryimage\"},\"thumbnailUrl\":\"https:\\\/\\\/www.ildammuso.com\\\/wp-content\\\/uploads\\\/2021\\\/03\\\/tetto.dammuso-scaled.jpeg\",\"keywords\":[\"alba\",\"brezza\",\"dammuso\",\"emozioni\",\"giardino\",\"pantelleria\",\"tramonto\"],\"articleSection\":[\"Dammusi e parole\",\"Istruzioni per l'uso\"],\"inLanguage\":\"it-IT\",\"potentialAction\":[{\"@type\":\"CommentAction\",\"name\":\"Comment\",\"target\":[\"https:\\\/\\\/www.ildammuso.com\\\/it\\\/ti-affitto-il-mio-dammuso-dai-tetti-ai-letti\\\/#respond\"]}]},{\"@type\":\"WebPage\",\"@id\":\"https:\\\/\\\/www.ildammuso.com\\\/it\\\/ti-affitto-il-mio-dammuso-dai-tetti-ai-letti\\\/\",\"url\":\"https:\\\/\\\/www.ildammuso.com\\\/it\\\/ti-affitto-il-mio-dammuso-dai-tetti-ai-letti\\\/\",\"name\":\"TI AFFITTO IL MIO DAMMUSO, DAI TETTI AI LETTI | Il Dammuso\",\"isPartOf\":{\"@id\":\"https:\\\/\\\/www.ildammuso.com\\\/it\\\/#website\"},\"primaryImageOfPage\":{\"@id\":\"https:\\\/\\\/www.ildammuso.com\\\/it\\\/ti-affitto-il-mio-dammuso-dai-tetti-ai-letti\\\/#primaryimage\"},\"image\":{\"@id\":\"https:\\\/\\\/www.ildammuso.com\\\/it\\\/ti-affitto-il-mio-dammuso-dai-tetti-ai-letti\\\/#primaryimage\"},\"thumbnailUrl\":\"https:\\\/\\\/www.ildammuso.com\\\/wp-content\\\/uploads\\\/2021\\\/03\\\/tetto.dammuso-scaled.jpeg\",\"datePublished\":\"2021-03-12T14:54:00+00:00\",\"dateModified\":\"2022-09-28T13:05:00+00:00\",\"description\":\"Affittare un dammuso e' regalare un pezzo della propria vita ad altri o far si che altri partecipino al sogno di una vita.\",\"breadcrumb\":{\"@id\":\"https:\\\/\\\/www.ildammuso.com\\\/it\\\/ti-affitto-il-mio-dammuso-dai-tetti-ai-letti\\\/#breadcrumb\"},\"inLanguage\":\"it-IT\",\"potentialAction\":[{\"@type\":\"ReadAction\",\"target\":[\"https:\\\/\\\/www.ildammuso.com\\\/it\\\/ti-affitto-il-mio-dammuso-dai-tetti-ai-letti\\\/\"]}]},{\"@type\":\"ImageObject\",\"inLanguage\":\"it-IT\",\"@id\":\"https:\\\/\\\/www.ildammuso.com\\\/it\\\/ti-affitto-il-mio-dammuso-dai-tetti-ai-letti\\\/#primaryimage\",\"url\":\"https:\\\/\\\/www.ildammuso.com\\\/wp-content\\\/uploads\\\/2021\\\/03\\\/tetto.dammuso-scaled.jpeg\",\"contentUrl\":\"https:\\\/\\\/www.ildammuso.com\\\/wp-content\\\/uploads\\\/2021\\\/03\\\/tetto.dammuso-scaled.jpeg\",\"width\":2560,\"height\":1707,\"caption\":\"Tetto Dammuso\"},{\"@type\":\"BreadcrumbList\",\"@id\":\"https:\\\/\\\/www.ildammuso.com\\\/it\\\/ti-affitto-il-mio-dammuso-dai-tetti-ai-letti\\\/#breadcrumb\",\"itemListElement\":[{\"@type\":\"ListItem\",\"position\":1,\"name\":\"Home\",\"item\":\"https:\\\/\\\/www.ildammuso.com\\\/it\\\/\"},{\"@type\":\"ListItem\",\"position\":2,\"name\":\"&nbsp;\"}]},{\"@type\":\"WebSite\",\"@id\":\"https:\\\/\\\/www.ildammuso.com\\\/it\\\/#website\",\"url\":\"https:\\\/\\\/www.ildammuso.com\\\/it\\\/\",\"name\":\"Il Dammuso\",\"description\":\"Il tuo Dammuso a Pantelleria\",\"publisher\":{\"@id\":\"https:\\\/\\\/www.ildammuso.com\\\/it\\\/#organization\"},\"potentialAction\":[{\"@type\":\"SearchAction\",\"target\":{\"@type\":\"EntryPoint\",\"urlTemplate\":\"https:\\\/\\\/www.ildammuso.com\\\/it\\\/?s={search_term_string}\"},\"query-input\":{\"@type\":\"PropertyValueSpecification\",\"valueRequired\":true,\"valueName\":\"search_term_string\"}}],\"inLanguage\":\"it-IT\"},{\"@type\":\"Organization\",\"@id\":\"https:\\\/\\\/www.ildammuso.com\\\/it\\\/#organization\",\"name\":\"Il Dammuso\",\"url\":\"https:\\\/\\\/www.ildammuso.com\\\/it\\\/\",\"logo\":{\"@type\":\"ImageObject\",\"inLanguage\":\"it-IT\",\"@id\":\"https:\\\/\\\/www.ildammuso.com\\\/it\\\/#\\\/schema\\\/logo\\\/image\\\/\",\"url\":\"https:\\\/\\\/www.ildammuso.com\\\/wp-content\\\/uploads\\\/2022\\\/06\\\/logo-ildammuso.jpg\",\"contentUrl\":\"https:\\\/\\\/www.ildammuso.com\\\/wp-content\\\/uploads\\\/2022\\\/06\\\/logo-ildammuso.jpg\",\"width\":426,\"height\":395,\"caption\":\"Il Dammuso\"},\"image\":{\"@id\":\"https:\\\/\\\/www.ildammuso.com\\\/it\\\/#\\\/schema\\\/logo\\\/image\\\/\"},\"sameAs\":[\"https:\\\/\\\/www.facebook.com\\\/ildammusodipantelleria\\\/\",\"https:\\\/\\\/www.instagram.com\\\/ildammusogram\\\/\"]},{\"@type\":\"Person\",\"@id\":\"https:\\\/\\\/www.ildammuso.com\\\/it\\\/#\\\/schema\\\/person\\\/d0a909ca6406e22888ca8d8dfcd59d1f\",\"name\":\"ildammuso-com\",\"image\":{\"@type\":\"ImageObject\",\"inLanguage\":\"it-IT\",\"@id\":\"https:\\\/\\\/secure.gravatar.com\\\/avatar\\\/98cbd846e82532f860b5a0cfe7f6120b4319f5a17ecbd5bb0b839b62429b0fc2?s=96&d=mm&r=g\",\"url\":\"https:\\\/\\\/secure.gravatar.com\\\/avatar\\\/98cbd846e82532f860b5a0cfe7f6120b4319f5a17ecbd5bb0b839b62429b0fc2?s=96&d=mm&r=g\",\"contentUrl\":\"https:\\\/\\\/secure.gravatar.com\\\/avatar\\\/98cbd846e82532f860b5a0cfe7f6120b4319f5a17ecbd5bb0b839b62429b0fc2?s=96&d=mm&r=g\",\"caption\":\"ildammuso-com\"},\"sameAs\":[\"https:\\\/\\\/www.ildammuso.com\"]}]}<\/script>\n<!-- \/ Yoast SEO plugin. -->","yoast_head_json":{"title":"TI AFFITTO IL MIO DAMMUSO, DAI TETTI AI LETTI | Il Dammuso","description":"Affittare un dammuso e' regalare un pezzo della propria vita ad altri o far si che altri partecipino al sogno di una vita.","robots":{"index":"index","follow":"follow","max-snippet":"max-snippet:-1","max-image-preview":"max-image-preview:large","max-video-preview":"max-video-preview:-1"},"canonical":"https:\/\/www.ildammuso.com\/it\/ti-affitto-il-mio-dammuso-dai-tetti-ai-letti\/","og_locale":"it_IT","og_type":"article","og_title":"TI AFFITTO IL MIO DAMMUSO, DAI TETTI AI LETTI | Il Dammuso","og_description":"Affittare un dammuso e' regalare un pezzo della propria vita ad altri o far si che altri partecipino al sogno di una vita.","og_url":"https:\/\/www.ildammuso.com\/it\/ti-affitto-il-mio-dammuso-dai-tetti-ai-letti\/","og_site_name":"Il Dammuso","article_publisher":"https:\/\/www.facebook.com\/ildammusodipantelleria\/","article_published_time":"2021-03-12T14:54:00+00:00","article_modified_time":"2022-09-28T13:05:00+00:00","og_image":[{"width":2560,"height":1707,"url":"https:\/\/storage1254.cdn-immedia.net\/wp-content\/uploads\/2021\/03\/tetto.dammuso-scaled.jpeg","type":"image\/jpeg"}],"author":"ildammuso-com","twitter_card":"summary_large_image","twitter_misc":{"Scritto da":"ildammuso-com","Tempo di lettura stimato":"2 minuti"},"schema":{"@context":"https:\/\/schema.org","@graph":[{"@type":"Article","@id":"https:\/\/www.ildammuso.com\/it\/ti-affitto-il-mio-dammuso-dai-tetti-ai-letti\/#article","isPartOf":{"@id":"https:\/\/www.ildammuso.com\/it\/ti-affitto-il-mio-dammuso-dai-tetti-ai-letti\/"},"author":{"name":"ildammuso-com","@id":"https:\/\/www.ildammuso.com\/it\/#\/schema\/person\/d0a909ca6406e22888ca8d8dfcd59d1f"},"headline":"TI AFFITTO IL MIO DAMMUSO, DAI TETTI AI LETTI","datePublished":"2021-03-12T14:54:00+00:00","dateModified":"2022-09-28T13:05:00+00:00","mainEntityOfPage":{"@id":"https:\/\/www.ildammuso.com\/it\/ti-affitto-il-mio-dammuso-dai-tetti-ai-letti\/"},"wordCount":380,"commentCount":0,"publisher":{"@id":"https:\/\/www.ildammuso.com\/it\/#organization"},"image":{"@id":"https:\/\/www.ildammuso.com\/it\/ti-affitto-il-mio-dammuso-dai-tetti-ai-letti\/#primaryimage"},"thumbnailUrl":"https:\/\/storage1254.cdn-immedia.net\/wp-content\/uploads\/2021\/03\/tetto.dammuso-scaled.jpeg","keywords":["alba","brezza","dammuso","emozioni","giardino","pantelleria","tramonto"],"articleSection":["Dammusi e parole","Istruzioni per l'uso"],"inLanguage":"it-IT","potentialAction":[{"@type":"CommentAction","name":"Comment","target":["https:\/\/www.ildammuso.com\/it\/ti-affitto-il-mio-dammuso-dai-tetti-ai-letti\/#respond"]}]},{"@type":"WebPage","@id":"https:\/\/www.ildammuso.com\/it\/ti-affitto-il-mio-dammuso-dai-tetti-ai-letti\/","url":"https:\/\/www.ildammuso.com\/it\/ti-affitto-il-mio-dammuso-dai-tetti-ai-letti\/","name":"TI AFFITTO IL MIO DAMMUSO, DAI TETTI AI LETTI | Il Dammuso","isPartOf":{"@id":"https:\/\/www.ildammuso.com\/it\/#website"},"primaryImageOfPage":{"@id":"https:\/\/www.ildammuso.com\/it\/ti-affitto-il-mio-dammuso-dai-tetti-ai-letti\/#primaryimage"},"image":{"@id":"https:\/\/www.ildammuso.com\/it\/ti-affitto-il-mio-dammuso-dai-tetti-ai-letti\/#primaryimage"},"thumbnailUrl":"https:\/\/storage1254.cdn-immedia.net\/wp-content\/uploads\/2021\/03\/tetto.dammuso-scaled.jpeg","datePublished":"2021-03-12T14:54:00+00:00","dateModified":"2022-09-28T13:05:00+00:00","description":"Affittare un dammuso e' regalare un pezzo della propria vita ad altri o far si che altri partecipino al sogno di una vita.","breadcrumb":{"@id":"https:\/\/www.ildammuso.com\/it\/ti-affitto-il-mio-dammuso-dai-tetti-ai-letti\/#breadcrumb"},"inLanguage":"it-IT","potentialAction":[{"@type":"ReadAction","target":["https:\/\/www.ildammuso.com\/it\/ti-affitto-il-mio-dammuso-dai-tetti-ai-letti\/"]}]},{"@type":"ImageObject","inLanguage":"it-IT","@id":"https:\/\/www.ildammuso.com\/it\/ti-affitto-il-mio-dammuso-dai-tetti-ai-letti\/#primaryimage","url":"https:\/\/storage1254.cdn-immedia.net\/wp-content\/uploads\/2021\/03\/tetto.dammuso-scaled.jpeg","contentUrl":"https:\/\/storage1254.cdn-immedia.net\/wp-content\/uploads\/2021\/03\/tetto.dammuso-scaled.jpeg","width":2560,"height":1707,"caption":"Tetto Dammuso"},{"@type":"BreadcrumbList","@id":"https:\/\/www.ildammuso.com\/it\/ti-affitto-il-mio-dammuso-dai-tetti-ai-letti\/#breadcrumb","itemListElement":[{"@type":"ListItem","position":1,"name":"Home","item":"https:\/\/www.ildammuso.com\/it\/"},{"@type":"ListItem","position":2,"name":"&nbsp;"}]},{"@type":"WebSite","@id":"https:\/\/www.ildammuso.com\/it\/#website","url":"https:\/\/www.ildammuso.com\/it\/","name":"Il Dammuso","description":"Il tuo Dammuso a Pantelleria","publisher":{"@id":"https:\/\/www.ildammuso.com\/it\/#organization"},"potentialAction":[{"@type":"SearchAction","target":{"@type":"EntryPoint","urlTemplate":"https:\/\/www.ildammuso.com\/it\/?s={search_term_string}"},"query-input":{"@type":"PropertyValueSpecification","valueRequired":true,"valueName":"search_term_string"}}],"inLanguage":"it-IT"},{"@type":"Organization","@id":"https:\/\/www.ildammuso.com\/it\/#organization","name":"Il Dammuso","url":"https:\/\/www.ildammuso.com\/it\/","logo":{"@type":"ImageObject","inLanguage":"it-IT","@id":"https:\/\/www.ildammuso.com\/it\/#\/schema\/logo\/image\/","url":"https:\/\/storage1254.cdn-immedia.net\/wp-content\/uploads\/2022\/06\/logo-ildammuso.jpg","contentUrl":"https:\/\/storage1254.cdn-immedia.net\/wp-content\/uploads\/2022\/06\/logo-ildammuso.jpg","width":426,"height":395,"caption":"Il Dammuso"},"image":{"@id":"https:\/\/www.ildammuso.com\/it\/#\/schema\/logo\/image\/"},"sameAs":["https:\/\/www.facebook.com\/ildammusodipantelleria\/","https:\/\/www.instagram.com\/ildammusogram\/"]},{"@type":"Person","@id":"https:\/\/www.ildammuso.com\/it\/#\/schema\/person\/d0a909ca6406e22888ca8d8dfcd59d1f","name":"ildammuso-com","image":{"@type":"ImageObject","inLanguage":"it-IT","@id":"https:\/\/secure.gravatar.com\/avatar\/98cbd846e82532f860b5a0cfe7f6120b4319f5a17ecbd5bb0b839b62429b0fc2?s=96&d=mm&r=g","url":"https:\/\/secure.gravatar.com\/avatar\/98cbd846e82532f860b5a0cfe7f6120b4319f5a17ecbd5bb0b839b62429b0fc2?s=96&d=mm&r=g","contentUrl":"https:\/\/secure.gravatar.com\/avatar\/98cbd846e82532f860b5a0cfe7f6120b4319f5a17ecbd5bb0b839b62429b0fc2?s=96&d=mm&r=g","caption":"ildammuso-com"},"sameAs":["https:\/\/www.ildammuso.com"]}]}},"_links":{"self":[{"href":"https:\/\/www.ildammuso.com\/it\/wp-json\/wp\/v2\/posts\/3161","targetHints":{"allow":["GET"]}}],"collection":[{"href":"https:\/\/www.ildammuso.com\/it\/wp-json\/wp\/v2\/posts"}],"about":[{"href":"https:\/\/www.ildammuso.com\/it\/wp-json\/wp\/v2\/types\/post"}],"author":[{"embeddable":true,"href":"https:\/\/www.ildammuso.com\/it\/wp-json\/wp\/v2\/users\/1"}],"replies":[{"embeddable":true,"href":"https:\/\/www.ildammuso.com\/it\/wp-json\/wp\/v2\/comments?post=3161"}],"version-history":[{"count":3,"href":"https:\/\/www.ildammuso.com\/it\/wp-json\/wp\/v2\/posts\/3161\/revisions"}],"predecessor-version":[{"id":16366,"href":"https:\/\/www.ildammuso.com\/it\/wp-json\/wp\/v2\/posts\/3161\/revisions\/16366"}],"wp:featuredmedia":[{"embeddable":true,"href":"https:\/\/www.ildammuso.com\/it\/wp-json\/wp\/v2\/media\/11821"}],"wp:attachment":[{"href":"https:\/\/www.ildammuso.com\/it\/wp-json\/wp\/v2\/media?parent=3161"}],"wp:term":[{"taxonomy":"category","embeddable":true,"href":"https:\/\/www.ildammuso.com\/it\/wp-json\/wp\/v2\/categories?post=3161"},{"taxonomy":"post_tag","embeddable":true,"href":"https:\/\/www.ildammuso.com\/it\/wp-json\/wp\/v2\/tags?post=3161"}],"curies":[{"name":"wp","href":"https:\/\/api.w.org\/{rel}","templated":true}]}}