{"id":3279,"date":"2021-05-12T10:06:53","date_gmt":"2021-05-12T08:06:53","guid":{"rendered":"https:\/\/www.ildammuso.com\/?p=3279"},"modified":"2022-09-19T13:02:22","modified_gmt":"2022-09-19T11:02:22","slug":"maggio-2021-e-fu-balata-dei-turchi","status":"publish","type":"post","link":"https:\/\/www.ildammuso.com\/it\/maggio-2021-e-fu-balata-dei-turchi\/","title":{"rendered":"MAGGIO 2021 E FU BALATA DEI TURCHI"},"content":{"rendered":"<h4><span style=\"font-weight: 400;\">Maggio 2021 a.D. Balata dei Turchi Pantelleria.<\/span><\/h4>\n<p><span style=\"font-weight: 400;\">Io vestita come fossero i giorni della merla: scarpe Dr Martens, jeans, maglietta, felpa, giubbotto d\u2019alta montagna.<\/span><span style=\"font-weight: 400;\"><br \/>\n<\/span><span style=\"font-weight: 400;\">Fatti i primi tre passi capisco che la mia avventura \u00e8 cominciata, io che ho difficolt\u00e0 a camminare su terreni perfettamente piani so che da questo momento <\/span><span style=\"font-weight: 400;\">dovr\u00f2<\/span><span style=\"font-weight: 400;\"> usare prudenza e self confidence.<\/span><span style=\"font-weight: 400;\"><br \/>\n<\/span><span style=\"font-weight: 400;\">Di fatto arrivo in veloce scivolata alla piattaforma prescelta.<\/span><span style=\"font-weight: 400;\"><br \/>\n<\/span><span style=\"font-weight: 400;\">Il luogo \u00e8 veramente comodo ma il solo sapere di essere su uno scoglio mi ingenera una forte insicurezza, pertanto mi svesto del mio abbigliamento d\u2019altura barcollando, fin tanto che non decido di sdraiarmi e fare tutto da distesa.<\/span><span style=\"font-weight: 400;\"><br \/>\n<\/span><span style=\"font-weight: 400;\">La vera domanda ora sarebbe: ma se sei cos\u00ec imbranata perch\u00e9 scegli questo tipo di mare?<\/span><span style=\"font-weight: 400;\"><br \/>\n<\/span><span style=\"font-weight: 400;\">E la vera risposta perch\u00e9: perch\u00e9 \u00e8 quello che mi piace.<\/span><span style=\"font-weight: 400;\"><br \/>\n<\/span><span style=\"font-weight: 400;\">Pertanto passo da abbigliamento \u201cnorth pole da scalata\u201d a bikini, cos\u00ec, senza alcun tipo di progressione. Il<\/span><span style=\"font-weight: 400;\">\u00a0mare \u00e8 da paura, di una bellezza che mozza il fiato, cristallino, vedi i pesci aggirarsi in prossimit\u00e0 degli scogli.<\/span><span style=\"font-weight: 400;\"><br \/>\n<\/span><span style=\"font-weight: 400;\">\u00c8 inutile resistere.<\/span><span style=\"font-weight: 400;\"><br \/>\n<\/span><span style=\"font-weight: 400;\">E non puoi neanche pensare che ti calerai in acqua pian piano, perch\u00e9 altrimenti sar\u00e0 inevitabile decidere per la fuga.<\/span><span style=\"font-weight: 400;\"><br \/>\n<\/span><span style=\"font-weight: 400;\">Allora la decisione \u00e8 presa, <\/span><span style=\"font-weight: 400;\">sar\u00e0<\/span><span style=\"font-weight: 400;\"> un TUFFO (si fa per dire).<\/span><span style=\"font-weight: 400;\"><br \/>\n<\/span><span style=\"font-weight: 400;\">\u00c8 stato un attimo e lo avevo detto che era da togliere il fiato: entrata in acqua, io che sconosco qualunque tipo di agilit\u00e0, ne sono schizzata fuori che sembrava un video montato al contrario.<\/span><span style=\"font-weight: 400;\"><br \/>\n<\/span><span style=\"font-weight: 400;\">Per\u00f2<\/span><span style=\"font-weight: 400;\">, giuro, \u00e8 stato cos\u00ec bello che l\u2019ho fatto due volte e la seconda volta ho contato ben diciotto bracciate, praticamente sono rimasta sul posto.<br \/>\n<\/span><span style=\"font-weight: 400;\">Ma la sorpresa pi\u00f9 grande \u00e8 avvenuta mentre guardavo il mare e pensavo a quanto tutto fosse bello, che ero davvero fortunata, e anche che figata pazzesca questo mare cos\u00ec piatto oggi e questa giornata di caldo e pensavo pure \u201cma poi, quando andremo via, il giubbotto d\u2019alta montagna devo indossarlo per forza?\u201d.<\/span><span style=\"font-weight: 400;\"><br \/>\n<\/span><span style=\"font-weight: 400;\">E mentre ero travagliata da pensieri di cotanta profondit\u00e0 e senso \u00e8 accaduto quello che mai avrei pensato: a circa 100 metri dalla costa due delfini, in sincronia perfetta, hanno attraversato il golfo davanti a noi.<\/span><span style=\"font-weight: 400;\"><br \/>\n<\/span><span style=\"font-weight: 400;\">Io domenica ho vinto tutto: il sole, il mare e i delfini.<\/span><span style=\"font-weight: 400;\"><br \/>\n<\/span><span style=\"font-weight: 400;\">Ho vinto tutto, malgrado fossi vestita come una disadattata.<\/span><\/p>\n<p>Foto di Giovanni Matta<\/p>\n","protected":false},"excerpt":{"rendered":"<p>Una incredibile giornata di maggio a Balata dei Turchi.<\/p>\n","protected":false},"author":1,"featured_media":11763,"comment_status":"open","ping_status":"open","sticky":false,"template":"","format":"standard","meta":{"_acf_changed":false,"footnotes":""},"categories":[446],"tags":[90,217,218,92,96,91],"class_list":["post-3279","post","type-post","status-publish","format-standard","has-post-thumbnail","hentry","category-pantelleria-lisola","tag-balata-dei-turchi","tag-blogger-disadattata","tag-delfini","tag-isola","tag-mare","tag-pantelleria"],"acf":[],"yoast_head":"<!-- This site is optimized with the Yoast SEO plugin v27.4 - https:\/\/yoast.com\/product\/yoast-seo-wordpress\/ -->\n<title>MAGGIO 2021 E FU BALATA DEI TURCHI | Il Dammuso<\/title>\n<meta name=\"description\" content=\"Balata dei Turchi a Pantelleria. Una domenica di maggio al mare. Un tuffo nell&#039;acqua fredda e il sosprendente avvistamento di due delfini.\" \/>\n<meta name=\"robots\" content=\"index, follow, max-snippet:-1, max-image-preview:large, max-video-preview:-1\" \/>\n<link rel=\"canonical\" href=\"https:\/\/www.ildammuso.com\/it\/maggio-2021-e-fu-balata-dei-turchi\/\" \/>\n<meta property=\"og:locale\" content=\"it_IT\" \/>\n<meta property=\"og:type\" content=\"article\" \/>\n<meta property=\"og:title\" content=\"MAGGIO 2021 E FU BALATA DEI TURCHI | Il Dammuso\" \/>\n<meta property=\"og:description\" content=\"Balata dei Turchi a Pantelleria. Una domenica di maggio al mare. Un tuffo nell&#039;acqua fredda e il sosprendente avvistamento di due delfini.\" \/>\n<meta property=\"og:url\" content=\"https:\/\/www.ildammuso.com\/it\/maggio-2021-e-fu-balata-dei-turchi\/\" \/>\n<meta property=\"og:site_name\" content=\"Il Dammuso\" \/>\n<meta property=\"article:publisher\" content=\"https:\/\/www.facebook.com\/ildammusodipantelleria\/\" \/>\n<meta property=\"article:published_time\" content=\"2021-05-12T08:06:53+00:00\" \/>\n<meta property=\"article:modified_time\" content=\"2022-09-19T11:02:22+00:00\" \/>\n<meta property=\"og:image\" content=\"https:\/\/storage1254.cdn-immedia.net\/wp-content\/uploads\/2021\/05\/balata_dei_turchi_pantelleria.jpeg\" \/>\n\t<meta property=\"og:image:width\" content=\"1280\" \/>\n\t<meta property=\"og:image:height\" content=\"960\" \/>\n\t<meta property=\"og:image:type\" content=\"image\/jpeg\" \/>\n<meta name=\"author\" content=\"ildammuso-com\" \/>\n<meta name=\"twitter:card\" content=\"summary_large_image\" \/>\n<meta name=\"twitter:label1\" content=\"Scritto da\" \/>\n\t<meta name=\"twitter:data1\" content=\"ildammuso-com\" \/>\n\t<meta name=\"twitter:label2\" content=\"Tempo di lettura stimato\" \/>\n\t<meta name=\"twitter:data2\" content=\"3 minuti\" \/>\n<script type=\"application\/ld+json\" class=\"yoast-schema-graph\">{\"@context\":\"https:\\\/\\\/schema.org\",\"@graph\":[{\"@type\":\"Article\",\"@id\":\"https:\\\/\\\/www.ildammuso.com\\\/it\\\/maggio-2021-e-fu-balata-dei-turchi\\\/#article\",\"isPartOf\":{\"@id\":\"https:\\\/\\\/www.ildammuso.com\\\/it\\\/maggio-2021-e-fu-balata-dei-turchi\\\/\"},\"author\":{\"name\":\"ildammuso-com\",\"@id\":\"https:\\\/\\\/www.ildammuso.com\\\/it\\\/#\\\/schema\\\/person\\\/d0a909ca6406e22888ca8d8dfcd59d1f\"},\"headline\":\"MAGGIO 2021 E FU BALATA DEI TURCHI\",\"datePublished\":\"2021-05-12T08:06:53+00:00\",\"dateModified\":\"2022-09-19T11:02:22+00:00\",\"mainEntityOfPage\":{\"@id\":\"https:\\\/\\\/www.ildammuso.com\\\/it\\\/maggio-2021-e-fu-balata-dei-turchi\\\/\"},\"wordCount\":377,\"commentCount\":0,\"publisher\":{\"@id\":\"https:\\\/\\\/www.ildammuso.com\\\/it\\\/#organization\"},\"image\":{\"@id\":\"https:\\\/\\\/www.ildammuso.com\\\/it\\\/maggio-2021-e-fu-balata-dei-turchi\\\/#primaryimage\"},\"thumbnailUrl\":\"https:\\\/\\\/www.ildammuso.com\\\/wp-content\\\/uploads\\\/2021\\\/05\\\/balata_dei_turchi_pantelleria.jpeg\",\"keywords\":[\"balata dei turchi\",\"blogger disadattata\",\"delfini\",\"isola\",\"mare\",\"pantelleria\"],\"articleSection\":[\"Pantelleria, l'isola\"],\"inLanguage\":\"it-IT\",\"potentialAction\":[{\"@type\":\"CommentAction\",\"name\":\"Comment\",\"target\":[\"https:\\\/\\\/www.ildammuso.com\\\/it\\\/maggio-2021-e-fu-balata-dei-turchi\\\/#respond\"]}]},{\"@type\":\"WebPage\",\"@id\":\"https:\\\/\\\/www.ildammuso.com\\\/it\\\/maggio-2021-e-fu-balata-dei-turchi\\\/\",\"url\":\"https:\\\/\\\/www.ildammuso.com\\\/it\\\/maggio-2021-e-fu-balata-dei-turchi\\\/\",\"name\":\"MAGGIO 2021 E FU BALATA DEI TURCHI | Il Dammuso\",\"isPartOf\":{\"@id\":\"https:\\\/\\\/www.ildammuso.com\\\/it\\\/#website\"},\"primaryImageOfPage\":{\"@id\":\"https:\\\/\\\/www.ildammuso.com\\\/it\\\/maggio-2021-e-fu-balata-dei-turchi\\\/#primaryimage\"},\"image\":{\"@id\":\"https:\\\/\\\/www.ildammuso.com\\\/it\\\/maggio-2021-e-fu-balata-dei-turchi\\\/#primaryimage\"},\"thumbnailUrl\":\"https:\\\/\\\/www.ildammuso.com\\\/wp-content\\\/uploads\\\/2021\\\/05\\\/balata_dei_turchi_pantelleria.jpeg\",\"datePublished\":\"2021-05-12T08:06:53+00:00\",\"dateModified\":\"2022-09-19T11:02:22+00:00\",\"description\":\"Balata dei Turchi a Pantelleria. Una domenica di maggio al mare. Un tuffo nell'acqua fredda e il sosprendente avvistamento di due delfini.\",\"breadcrumb\":{\"@id\":\"https:\\\/\\\/www.ildammuso.com\\\/it\\\/maggio-2021-e-fu-balata-dei-turchi\\\/#breadcrumb\"},\"inLanguage\":\"it-IT\",\"potentialAction\":[{\"@type\":\"ReadAction\",\"target\":[\"https:\\\/\\\/www.ildammuso.com\\\/it\\\/maggio-2021-e-fu-balata-dei-turchi\\\/\"]}]},{\"@type\":\"ImageObject\",\"inLanguage\":\"it-IT\",\"@id\":\"https:\\\/\\\/www.ildammuso.com\\\/it\\\/maggio-2021-e-fu-balata-dei-turchi\\\/#primaryimage\",\"url\":\"https:\\\/\\\/www.ildammuso.com\\\/wp-content\\\/uploads\\\/2021\\\/05\\\/balata_dei_turchi_pantelleria.jpeg\",\"contentUrl\":\"https:\\\/\\\/www.ildammuso.com\\\/wp-content\\\/uploads\\\/2021\\\/05\\\/balata_dei_turchi_pantelleria.jpeg\",\"width\":1280,\"height\":960,\"caption\":\"OLYMPUS DIGITAL CAMERA\"},{\"@type\":\"BreadcrumbList\",\"@id\":\"https:\\\/\\\/www.ildammuso.com\\\/it\\\/maggio-2021-e-fu-balata-dei-turchi\\\/#breadcrumb\",\"itemListElement\":[{\"@type\":\"ListItem\",\"position\":1,\"name\":\"Home\",\"item\":\"https:\\\/\\\/www.ildammuso.com\\\/it\\\/\"},{\"@type\":\"ListItem\",\"position\":2,\"name\":\"&nbsp;\"}]},{\"@type\":\"WebSite\",\"@id\":\"https:\\\/\\\/www.ildammuso.com\\\/it\\\/#website\",\"url\":\"https:\\\/\\\/www.ildammuso.com\\\/it\\\/\",\"name\":\"Il Dammuso\",\"description\":\"Il tuo Dammuso a Pantelleria\",\"publisher\":{\"@id\":\"https:\\\/\\\/www.ildammuso.com\\\/it\\\/#organization\"},\"potentialAction\":[{\"@type\":\"SearchAction\",\"target\":{\"@type\":\"EntryPoint\",\"urlTemplate\":\"https:\\\/\\\/www.ildammuso.com\\\/it\\\/?s={search_term_string}\"},\"query-input\":{\"@type\":\"PropertyValueSpecification\",\"valueRequired\":true,\"valueName\":\"search_term_string\"}}],\"inLanguage\":\"it-IT\"},{\"@type\":\"Organization\",\"@id\":\"https:\\\/\\\/www.ildammuso.com\\\/it\\\/#organization\",\"name\":\"Il Dammuso\",\"url\":\"https:\\\/\\\/www.ildammuso.com\\\/it\\\/\",\"logo\":{\"@type\":\"ImageObject\",\"inLanguage\":\"it-IT\",\"@id\":\"https:\\\/\\\/www.ildammuso.com\\\/it\\\/#\\\/schema\\\/logo\\\/image\\\/\",\"url\":\"https:\\\/\\\/www.ildammuso.com\\\/wp-content\\\/uploads\\\/2022\\\/06\\\/logo-ildammuso.jpg\",\"contentUrl\":\"https:\\\/\\\/www.ildammuso.com\\\/wp-content\\\/uploads\\\/2022\\\/06\\\/logo-ildammuso.jpg\",\"width\":426,\"height\":395,\"caption\":\"Il Dammuso\"},\"image\":{\"@id\":\"https:\\\/\\\/www.ildammuso.com\\\/it\\\/#\\\/schema\\\/logo\\\/image\\\/\"},\"sameAs\":[\"https:\\\/\\\/www.facebook.com\\\/ildammusodipantelleria\\\/\",\"https:\\\/\\\/www.instagram.com\\\/ildammusogram\\\/\"]},{\"@type\":\"Person\",\"@id\":\"https:\\\/\\\/www.ildammuso.com\\\/it\\\/#\\\/schema\\\/person\\\/d0a909ca6406e22888ca8d8dfcd59d1f\",\"name\":\"ildammuso-com\",\"image\":{\"@type\":\"ImageObject\",\"inLanguage\":\"it-IT\",\"@id\":\"https:\\\/\\\/secure.gravatar.com\\\/avatar\\\/98cbd846e82532f860b5a0cfe7f6120b4319f5a17ecbd5bb0b839b62429b0fc2?s=96&d=mm&r=g\",\"url\":\"https:\\\/\\\/secure.gravatar.com\\\/avatar\\\/98cbd846e82532f860b5a0cfe7f6120b4319f5a17ecbd5bb0b839b62429b0fc2?s=96&d=mm&r=g\",\"contentUrl\":\"https:\\\/\\\/secure.gravatar.com\\\/avatar\\\/98cbd846e82532f860b5a0cfe7f6120b4319f5a17ecbd5bb0b839b62429b0fc2?s=96&d=mm&r=g\",\"caption\":\"ildammuso-com\"},\"sameAs\":[\"https:\\\/\\\/www.ildammuso.com\"]}]}<\/script>\n<!-- \/ Yoast SEO plugin. -->","yoast_head_json":{"title":"MAGGIO 2021 E FU BALATA DEI TURCHI | Il Dammuso","description":"Balata dei Turchi a Pantelleria. Una domenica di maggio al mare. Un tuffo nell'acqua fredda e il sosprendente avvistamento di due delfini.","robots":{"index":"index","follow":"follow","max-snippet":"max-snippet:-1","max-image-preview":"max-image-preview:large","max-video-preview":"max-video-preview:-1"},"canonical":"https:\/\/www.ildammuso.com\/it\/maggio-2021-e-fu-balata-dei-turchi\/","og_locale":"it_IT","og_type":"article","og_title":"MAGGIO 2021 E FU BALATA DEI TURCHI | Il Dammuso","og_description":"Balata dei Turchi a Pantelleria. Una domenica di maggio al mare. Un tuffo nell'acqua fredda e il sosprendente avvistamento di due delfini.","og_url":"https:\/\/www.ildammuso.com\/it\/maggio-2021-e-fu-balata-dei-turchi\/","og_site_name":"Il Dammuso","article_publisher":"https:\/\/www.facebook.com\/ildammusodipantelleria\/","article_published_time":"2021-05-12T08:06:53+00:00","article_modified_time":"2022-09-19T11:02:22+00:00","og_image":[{"width":1280,"height":960,"url":"https:\/\/storage1254.cdn-immedia.net\/wp-content\/uploads\/2021\/05\/balata_dei_turchi_pantelleria.jpeg","type":"image\/jpeg"}],"author":"ildammuso-com","twitter_card":"summary_large_image","twitter_misc":{"Scritto da":"ildammuso-com","Tempo di lettura stimato":"3 minuti"},"schema":{"@context":"https:\/\/schema.org","@graph":[{"@type":"Article","@id":"https:\/\/www.ildammuso.com\/it\/maggio-2021-e-fu-balata-dei-turchi\/#article","isPartOf":{"@id":"https:\/\/www.ildammuso.com\/it\/maggio-2021-e-fu-balata-dei-turchi\/"},"author":{"name":"ildammuso-com","@id":"https:\/\/www.ildammuso.com\/it\/#\/schema\/person\/d0a909ca6406e22888ca8d8dfcd59d1f"},"headline":"MAGGIO 2021 E FU BALATA DEI TURCHI","datePublished":"2021-05-12T08:06:53+00:00","dateModified":"2022-09-19T11:02:22+00:00","mainEntityOfPage":{"@id":"https:\/\/www.ildammuso.com\/it\/maggio-2021-e-fu-balata-dei-turchi\/"},"wordCount":377,"commentCount":0,"publisher":{"@id":"https:\/\/www.ildammuso.com\/it\/#organization"},"image":{"@id":"https:\/\/www.ildammuso.com\/it\/maggio-2021-e-fu-balata-dei-turchi\/#primaryimage"},"thumbnailUrl":"https:\/\/storage1254.cdn-immedia.net\/wp-content\/uploads\/2021\/05\/balata_dei_turchi_pantelleria.jpeg","keywords":["balata dei turchi","blogger disadattata","delfini","isola","mare","pantelleria"],"articleSection":["Pantelleria, l'isola"],"inLanguage":"it-IT","potentialAction":[{"@type":"CommentAction","name":"Comment","target":["https:\/\/www.ildammuso.com\/it\/maggio-2021-e-fu-balata-dei-turchi\/#respond"]}]},{"@type":"WebPage","@id":"https:\/\/www.ildammuso.com\/it\/maggio-2021-e-fu-balata-dei-turchi\/","url":"https:\/\/www.ildammuso.com\/it\/maggio-2021-e-fu-balata-dei-turchi\/","name":"MAGGIO 2021 E FU BALATA DEI TURCHI | Il Dammuso","isPartOf":{"@id":"https:\/\/www.ildammuso.com\/it\/#website"},"primaryImageOfPage":{"@id":"https:\/\/www.ildammuso.com\/it\/maggio-2021-e-fu-balata-dei-turchi\/#primaryimage"},"image":{"@id":"https:\/\/www.ildammuso.com\/it\/maggio-2021-e-fu-balata-dei-turchi\/#primaryimage"},"thumbnailUrl":"https:\/\/storage1254.cdn-immedia.net\/wp-content\/uploads\/2021\/05\/balata_dei_turchi_pantelleria.jpeg","datePublished":"2021-05-12T08:06:53+00:00","dateModified":"2022-09-19T11:02:22+00:00","description":"Balata dei Turchi a Pantelleria. Una domenica di maggio al mare. Un tuffo nell'acqua fredda e il sosprendente avvistamento di due delfini.","breadcrumb":{"@id":"https:\/\/www.ildammuso.com\/it\/maggio-2021-e-fu-balata-dei-turchi\/#breadcrumb"},"inLanguage":"it-IT","potentialAction":[{"@type":"ReadAction","target":["https:\/\/www.ildammuso.com\/it\/maggio-2021-e-fu-balata-dei-turchi\/"]}]},{"@type":"ImageObject","inLanguage":"it-IT","@id":"https:\/\/www.ildammuso.com\/it\/maggio-2021-e-fu-balata-dei-turchi\/#primaryimage","url":"https:\/\/storage1254.cdn-immedia.net\/wp-content\/uploads\/2021\/05\/balata_dei_turchi_pantelleria.jpeg","contentUrl":"https:\/\/storage1254.cdn-immedia.net\/wp-content\/uploads\/2021\/05\/balata_dei_turchi_pantelleria.jpeg","width":1280,"height":960,"caption":"OLYMPUS DIGITAL CAMERA"},{"@type":"BreadcrumbList","@id":"https:\/\/www.ildammuso.com\/it\/maggio-2021-e-fu-balata-dei-turchi\/#breadcrumb","itemListElement":[{"@type":"ListItem","position":1,"name":"Home","item":"https:\/\/www.ildammuso.com\/it\/"},{"@type":"ListItem","position":2,"name":"&nbsp;"}]},{"@type":"WebSite","@id":"https:\/\/www.ildammuso.com\/it\/#website","url":"https:\/\/www.ildammuso.com\/it\/","name":"Il Dammuso","description":"Il tuo Dammuso a Pantelleria","publisher":{"@id":"https:\/\/www.ildammuso.com\/it\/#organization"},"potentialAction":[{"@type":"SearchAction","target":{"@type":"EntryPoint","urlTemplate":"https:\/\/www.ildammuso.com\/it\/?s={search_term_string}"},"query-input":{"@type":"PropertyValueSpecification","valueRequired":true,"valueName":"search_term_string"}}],"inLanguage":"it-IT"},{"@type":"Organization","@id":"https:\/\/www.ildammuso.com\/it\/#organization","name":"Il Dammuso","url":"https:\/\/www.ildammuso.com\/it\/","logo":{"@type":"ImageObject","inLanguage":"it-IT","@id":"https:\/\/www.ildammuso.com\/it\/#\/schema\/logo\/image\/","url":"https:\/\/storage1254.cdn-immedia.net\/wp-content\/uploads\/2022\/06\/logo-ildammuso.jpg","contentUrl":"https:\/\/storage1254.cdn-immedia.net\/wp-content\/uploads\/2022\/06\/logo-ildammuso.jpg","width":426,"height":395,"caption":"Il Dammuso"},"image":{"@id":"https:\/\/www.ildammuso.com\/it\/#\/schema\/logo\/image\/"},"sameAs":["https:\/\/www.facebook.com\/ildammusodipantelleria\/","https:\/\/www.instagram.com\/ildammusogram\/"]},{"@type":"Person","@id":"https:\/\/www.ildammuso.com\/it\/#\/schema\/person\/d0a909ca6406e22888ca8d8dfcd59d1f","name":"ildammuso-com","image":{"@type":"ImageObject","inLanguage":"it-IT","@id":"https:\/\/secure.gravatar.com\/avatar\/98cbd846e82532f860b5a0cfe7f6120b4319f5a17ecbd5bb0b839b62429b0fc2?s=96&d=mm&r=g","url":"https:\/\/secure.gravatar.com\/avatar\/98cbd846e82532f860b5a0cfe7f6120b4319f5a17ecbd5bb0b839b62429b0fc2?s=96&d=mm&r=g","contentUrl":"https:\/\/secure.gravatar.com\/avatar\/98cbd846e82532f860b5a0cfe7f6120b4319f5a17ecbd5bb0b839b62429b0fc2?s=96&d=mm&r=g","caption":"ildammuso-com"},"sameAs":["https:\/\/www.ildammuso.com"]}]}},"_links":{"self":[{"href":"https:\/\/www.ildammuso.com\/it\/wp-json\/wp\/v2\/posts\/3279","targetHints":{"allow":["GET"]}}],"collection":[{"href":"https:\/\/www.ildammuso.com\/it\/wp-json\/wp\/v2\/posts"}],"about":[{"href":"https:\/\/www.ildammuso.com\/it\/wp-json\/wp\/v2\/types\/post"}],"author":[{"embeddable":true,"href":"https:\/\/www.ildammuso.com\/it\/wp-json\/wp\/v2\/users\/1"}],"replies":[{"embeddable":true,"href":"https:\/\/www.ildammuso.com\/it\/wp-json\/wp\/v2\/comments?post=3279"}],"version-history":[{"count":2,"href":"https:\/\/www.ildammuso.com\/it\/wp-json\/wp\/v2\/posts\/3279\/revisions"}],"predecessor-version":[{"id":15839,"href":"https:\/\/www.ildammuso.com\/it\/wp-json\/wp\/v2\/posts\/3279\/revisions\/15839"}],"wp:featuredmedia":[{"embeddable":true,"href":"https:\/\/www.ildammuso.com\/it\/wp-json\/wp\/v2\/media\/11763"}],"wp:attachment":[{"href":"https:\/\/www.ildammuso.com\/it\/wp-json\/wp\/v2\/media?parent=3279"}],"wp:term":[{"taxonomy":"category","embeddable":true,"href":"https:\/\/www.ildammuso.com\/it\/wp-json\/wp\/v2\/categories?post=3279"},{"taxonomy":"post_tag","embeddable":true,"href":"https:\/\/www.ildammuso.com\/it\/wp-json\/wp\/v2\/tags?post=3279"}],"curies":[{"name":"wp","href":"https:\/\/api.w.org\/{rel}","templated":true}]}}