{"id":3343,"date":"2021-04-02T11:43:00","date_gmt":"2021-04-02T09:43:00","guid":{"rendered":"https:\/\/www.ildammuso.com\/?p=3343"},"modified":"2022-09-28T15:03:14","modified_gmt":"2022-09-28T13:03:14","slug":"si-va-al-mare-mica-ai-lavori-forzati","status":"publish","type":"post","link":"https:\/\/www.ildammuso.com\/it\/si-va-al-mare-mica-ai-lavori-forzati\/","title":{"rendered":"Si va al mare, mica ai lavori forzati"},"content":{"rendered":"<p>Alla sera prima di addormentarsi, bacio della buonanotte, e promessa che l\u2019indomani ci si sveglier\u00e0 molto presto \u201cPunti tu la sveglia o lo faccio io?\u201d, domanda di rito, per recarsi a Martingana prima che arrivi il sole a piombo sulle nostre teste.<\/p>\n<p>Il <a href=\"https:\/\/www.ildammuso.com\/it\/dammusi\/aloe\/\">Dammuso<\/a> che prendiamo ogni anno dista appena dieci minuti dalle pi\u00f9 belle calette di Pantelleria e, effettivamente, lo sforzo richiesto per andare al mare non oltre le nove del mattino sarebbe minimo non fosse che, nonostante le promesse reciproche, da ben tre anni mai siamo riusciti ad attenerci al programma.<\/p>\n<p>La sveglia suona alle sette e ci si alza, tutto sommato di buona leva. Stiamo andando al mare, mica ai lavori forzati. Ma \u00e8 subito dopo il caff\u00e8 che accade un fenomeno stranissimo, come vi fosse una forza che ci impedisce e ci trattiene entro l\u2019area del dammuso.<\/p>\n<p>Appena finito di bere il primo caff\u00e8 io o il mio compagno decidiamo di farne un altro. Ci si siede sulla sdraio, uno dei due va in bagno, cellulare in mano si leggono le notizie fresche e si commentano. Con lentezza esasperante si comincia a preparare la sacca per il mare. \u201cNon dimenticare maschere e boccagli e la protezione, la borraccia all\u2019ultimo minuto che altrimenti il tempo che arriviamo a mare \u00e8 gi\u00e0\u2019 calda. Hai per caso visto i miei pantaloncini\u201d, questo e\u2019 lui.<\/p>\n<p>Io nel frattempo sono impietrita davanti l\u2019armadio mentre decido che costume indossare dei due che ho portato con me, ma uno ha una fastidiosa etichetta nello slip e l\u2019altro ha un d\u00e9collet\u00e9 che nuoce alla mia abbronzatura, pertanto la decisione \u00e8 sempre ardua.<\/p>\n<p>Indossati i costumi si va sempre alla ricerca delle scarpette da scoglio che appaiono e scompaiono come le lucertole nel patio \u201dIo li avevo viste sulla ducchena\u201d, grida lui. Mentre io ero certa che fossero nella doccia esterna.<\/p>\n<p>In questo muoversi lento che \u00e8 raccogliere i teli dallo stendino e metterli nello zaino, prendere la frutta dal frigo e mangiarne la met\u00e0 all\u2019ombra sotto la palma, controllare che le zanzariere siano ben chiuse, dare l\u2019ultimo sorso al caff\u00e8 &#8220;E per favore, fammi accendere \u2018 sta sigaretta e ce ne andiamo\u201d che si \u00e8 fatto mezzogiorno e ancora una volta, e non sar\u00e0 l\u2019ultima, arriveremo al mare col sole al suo zenith.<\/p>\n<p>Ma tanto si va al mare, mica ai lavori forzati.<\/p>\n<p>Foto di Giovanni Matta<\/p>\n","protected":false},"excerpt":{"rendered":"<p>Andiamo al mare.<br \/>\nMeglio tardi che mai.<\/p>\n","protected":false},"author":1,"featured_media":11716,"comment_status":"open","ping_status":"open","sticky":false,"template":"","format":"standard","meta":{"_acf_changed":false,"footnotes":""},"categories":[441],"tags":[109,176,91,230,114,103],"class_list":["post-3343","post","type-post","status-publish","format-standard","has-post-thumbnail","hentry","category-pippe","tag-dammuso","tag-estate","tag-pantelleria","tag-relax","tag-vacanza","tag-viaggio"],"acf":[],"yoast_head":"<!-- This site is optimized with the Yoast SEO plugin v27.4 - https:\/\/yoast.com\/product\/yoast-seo-wordpress\/ -->\n<title>Si va al mare, mica ai lavori forzati | Il Dammuso<\/title>\n<meta name=\"description\" content=\"L&#039;estate e&#039; il momento pare lasciare del tempo al nostro tempo\" \/>\n<meta name=\"robots\" content=\"index, follow, max-snippet:-1, max-image-preview:large, max-video-preview:-1\" \/>\n<link rel=\"canonical\" href=\"https:\/\/www.ildammuso.com\/it\/si-va-al-mare-mica-ai-lavori-forzati\/\" \/>\n<meta property=\"og:locale\" content=\"it_IT\" \/>\n<meta property=\"og:type\" content=\"article\" \/>\n<meta property=\"og:title\" content=\"Si va al mare, mica ai lavori forzati | Il Dammuso\" \/>\n<meta property=\"og:description\" content=\"L&#039;estate e&#039; il momento pare lasciare del tempo al nostro tempo\" \/>\n<meta property=\"og:url\" content=\"https:\/\/www.ildammuso.com\/it\/si-va-al-mare-mica-ai-lavori-forzati\/\" \/>\n<meta property=\"og:site_name\" content=\"Il Dammuso\" \/>\n<meta property=\"article:publisher\" content=\"https:\/\/www.facebook.com\/ildammusodipantelleria\/\" \/>\n<meta property=\"article:published_time\" content=\"2021-04-02T09:43:00+00:00\" \/>\n<meta property=\"article:modified_time\" content=\"2022-09-28T13:03:14+00:00\" \/>\n<meta property=\"og:image\" content=\"https:\/\/storage1254.cdn-immedia.net\/wp-content\/uploads\/2021\/06\/no_lavori_forzati_ma-_mare.jpeg\" \/>\n\t<meta property=\"og:image:width\" content=\"1440\" \/>\n\t<meta property=\"og:image:height\" content=\"963\" \/>\n\t<meta property=\"og:image:type\" content=\"image\/jpeg\" \/>\n<meta name=\"author\" content=\"ildammuso-com\" \/>\n<meta name=\"twitter:card\" content=\"summary_large_image\" \/>\n<meta name=\"twitter:label1\" content=\"Scritto da\" \/>\n\t<meta name=\"twitter:data1\" content=\"ildammuso-com\" \/>\n\t<meta name=\"twitter:label2\" content=\"Tempo di lettura stimato\" \/>\n\t<meta name=\"twitter:data2\" content=\"3 minuti\" \/>\n<script type=\"application\/ld+json\" class=\"yoast-schema-graph\">{\"@context\":\"https:\\\/\\\/schema.org\",\"@graph\":[{\"@type\":\"Article\",\"@id\":\"https:\\\/\\\/www.ildammuso.com\\\/it\\\/si-va-al-mare-mica-ai-lavori-forzati\\\/#article\",\"isPartOf\":{\"@id\":\"https:\\\/\\\/www.ildammuso.com\\\/it\\\/si-va-al-mare-mica-ai-lavori-forzati\\\/\"},\"author\":{\"name\":\"ildammuso-com\",\"@id\":\"https:\\\/\\\/www.ildammuso.com\\\/it\\\/#\\\/schema\\\/person\\\/d0a909ca6406e22888ca8d8dfcd59d1f\"},\"headline\":\"Si va al mare, mica ai lavori forzati\",\"datePublished\":\"2021-04-02T09:43:00+00:00\",\"dateModified\":\"2022-09-28T13:03:14+00:00\",\"mainEntityOfPage\":{\"@id\":\"https:\\\/\\\/www.ildammuso.com\\\/it\\\/si-va-al-mare-mica-ai-lavori-forzati\\\/\"},\"wordCount\":404,\"commentCount\":0,\"publisher\":{\"@id\":\"https:\\\/\\\/www.ildammuso.com\\\/it\\\/#organization\"},\"image\":{\"@id\":\"https:\\\/\\\/www.ildammuso.com\\\/it\\\/si-va-al-mare-mica-ai-lavori-forzati\\\/#primaryimage\"},\"thumbnailUrl\":\"https:\\\/\\\/www.ildammuso.com\\\/wp-content\\\/uploads\\\/2021\\\/06\\\/no_lavori_forzati_ma-_mare.jpeg\",\"keywords\":[\"dammuso\",\"estate\",\"pantelleria\",\"relax\",\"vacanza\",\"viaggio\"],\"articleSection\":[\"Pippe d'altura\"],\"inLanguage\":\"it-IT\",\"potentialAction\":[{\"@type\":\"CommentAction\",\"name\":\"Comment\",\"target\":[\"https:\\\/\\\/www.ildammuso.com\\\/it\\\/si-va-al-mare-mica-ai-lavori-forzati\\\/#respond\"]}]},{\"@type\":\"WebPage\",\"@id\":\"https:\\\/\\\/www.ildammuso.com\\\/it\\\/si-va-al-mare-mica-ai-lavori-forzati\\\/\",\"url\":\"https:\\\/\\\/www.ildammuso.com\\\/it\\\/si-va-al-mare-mica-ai-lavori-forzati\\\/\",\"name\":\"Si va al mare, mica ai lavori forzati | Il Dammuso\",\"isPartOf\":{\"@id\":\"https:\\\/\\\/www.ildammuso.com\\\/it\\\/#website\"},\"primaryImageOfPage\":{\"@id\":\"https:\\\/\\\/www.ildammuso.com\\\/it\\\/si-va-al-mare-mica-ai-lavori-forzati\\\/#primaryimage\"},\"image\":{\"@id\":\"https:\\\/\\\/www.ildammuso.com\\\/it\\\/si-va-al-mare-mica-ai-lavori-forzati\\\/#primaryimage\"},\"thumbnailUrl\":\"https:\\\/\\\/www.ildammuso.com\\\/wp-content\\\/uploads\\\/2021\\\/06\\\/no_lavori_forzati_ma-_mare.jpeg\",\"datePublished\":\"2021-04-02T09:43:00+00:00\",\"dateModified\":\"2022-09-28T13:03:14+00:00\",\"description\":\"L'estate e' il momento pare lasciare del tempo al nostro tempo\",\"breadcrumb\":{\"@id\":\"https:\\\/\\\/www.ildammuso.com\\\/it\\\/si-va-al-mare-mica-ai-lavori-forzati\\\/#breadcrumb\"},\"inLanguage\":\"it-IT\",\"potentialAction\":[{\"@type\":\"ReadAction\",\"target\":[\"https:\\\/\\\/www.ildammuso.com\\\/it\\\/si-va-al-mare-mica-ai-lavori-forzati\\\/\"]}]},{\"@type\":\"ImageObject\",\"inLanguage\":\"it-IT\",\"@id\":\"https:\\\/\\\/www.ildammuso.com\\\/it\\\/si-va-al-mare-mica-ai-lavori-forzati\\\/#primaryimage\",\"url\":\"https:\\\/\\\/www.ildammuso.com\\\/wp-content\\\/uploads\\\/2021\\\/06\\\/no_lavori_forzati_ma-_mare.jpeg\",\"contentUrl\":\"https:\\\/\\\/www.ildammuso.com\\\/wp-content\\\/uploads\\\/2021\\\/06\\\/no_lavori_forzati_ma-_mare.jpeg\",\"width\":1440,\"height\":963,\"caption\":\"Mare\"},{\"@type\":\"BreadcrumbList\",\"@id\":\"https:\\\/\\\/www.ildammuso.com\\\/it\\\/si-va-al-mare-mica-ai-lavori-forzati\\\/#breadcrumb\",\"itemListElement\":[{\"@type\":\"ListItem\",\"position\":1,\"name\":\"Home\",\"item\":\"https:\\\/\\\/www.ildammuso.com\\\/it\\\/\"},{\"@type\":\"ListItem\",\"position\":2,\"name\":\"&nbsp;\"}]},{\"@type\":\"WebSite\",\"@id\":\"https:\\\/\\\/www.ildammuso.com\\\/it\\\/#website\",\"url\":\"https:\\\/\\\/www.ildammuso.com\\\/it\\\/\",\"name\":\"Il Dammuso\",\"description\":\"Il tuo Dammuso a Pantelleria\",\"publisher\":{\"@id\":\"https:\\\/\\\/www.ildammuso.com\\\/it\\\/#organization\"},\"potentialAction\":[{\"@type\":\"SearchAction\",\"target\":{\"@type\":\"EntryPoint\",\"urlTemplate\":\"https:\\\/\\\/www.ildammuso.com\\\/it\\\/?s={search_term_string}\"},\"query-input\":{\"@type\":\"PropertyValueSpecification\",\"valueRequired\":true,\"valueName\":\"search_term_string\"}}],\"inLanguage\":\"it-IT\"},{\"@type\":\"Organization\",\"@id\":\"https:\\\/\\\/www.ildammuso.com\\\/it\\\/#organization\",\"name\":\"Il Dammuso\",\"url\":\"https:\\\/\\\/www.ildammuso.com\\\/it\\\/\",\"logo\":{\"@type\":\"ImageObject\",\"inLanguage\":\"it-IT\",\"@id\":\"https:\\\/\\\/www.ildammuso.com\\\/it\\\/#\\\/schema\\\/logo\\\/image\\\/\",\"url\":\"https:\\\/\\\/www.ildammuso.com\\\/wp-content\\\/uploads\\\/2022\\\/06\\\/logo-ildammuso.jpg\",\"contentUrl\":\"https:\\\/\\\/www.ildammuso.com\\\/wp-content\\\/uploads\\\/2022\\\/06\\\/logo-ildammuso.jpg\",\"width\":426,\"height\":395,\"caption\":\"Il Dammuso\"},\"image\":{\"@id\":\"https:\\\/\\\/www.ildammuso.com\\\/it\\\/#\\\/schema\\\/logo\\\/image\\\/\"},\"sameAs\":[\"https:\\\/\\\/www.facebook.com\\\/ildammusodipantelleria\\\/\",\"https:\\\/\\\/www.instagram.com\\\/ildammusogram\\\/\"]},{\"@type\":\"Person\",\"@id\":\"https:\\\/\\\/www.ildammuso.com\\\/it\\\/#\\\/schema\\\/person\\\/d0a909ca6406e22888ca8d8dfcd59d1f\",\"name\":\"ildammuso-com\",\"image\":{\"@type\":\"ImageObject\",\"inLanguage\":\"it-IT\",\"@id\":\"https:\\\/\\\/secure.gravatar.com\\\/avatar\\\/98cbd846e82532f860b5a0cfe7f6120b4319f5a17ecbd5bb0b839b62429b0fc2?s=96&d=mm&r=g\",\"url\":\"https:\\\/\\\/secure.gravatar.com\\\/avatar\\\/98cbd846e82532f860b5a0cfe7f6120b4319f5a17ecbd5bb0b839b62429b0fc2?s=96&d=mm&r=g\",\"contentUrl\":\"https:\\\/\\\/secure.gravatar.com\\\/avatar\\\/98cbd846e82532f860b5a0cfe7f6120b4319f5a17ecbd5bb0b839b62429b0fc2?s=96&d=mm&r=g\",\"caption\":\"ildammuso-com\"},\"sameAs\":[\"https:\\\/\\\/www.ildammuso.com\"]}]}<\/script>\n<!-- \/ Yoast SEO plugin. -->","yoast_head_json":{"title":"Si va al mare, mica ai lavori forzati | Il Dammuso","description":"L'estate e' il momento pare lasciare del tempo al nostro tempo","robots":{"index":"index","follow":"follow","max-snippet":"max-snippet:-1","max-image-preview":"max-image-preview:large","max-video-preview":"max-video-preview:-1"},"canonical":"https:\/\/www.ildammuso.com\/it\/si-va-al-mare-mica-ai-lavori-forzati\/","og_locale":"it_IT","og_type":"article","og_title":"Si va al mare, mica ai lavori forzati | Il Dammuso","og_description":"L'estate e' il momento pare lasciare del tempo al nostro tempo","og_url":"https:\/\/www.ildammuso.com\/it\/si-va-al-mare-mica-ai-lavori-forzati\/","og_site_name":"Il Dammuso","article_publisher":"https:\/\/www.facebook.com\/ildammusodipantelleria\/","article_published_time":"2021-04-02T09:43:00+00:00","article_modified_time":"2022-09-28T13:03:14+00:00","og_image":[{"width":1440,"height":963,"url":"https:\/\/storage1254.cdn-immedia.net\/wp-content\/uploads\/2021\/06\/no_lavori_forzati_ma-_mare.jpeg","type":"image\/jpeg"}],"author":"ildammuso-com","twitter_card":"summary_large_image","twitter_misc":{"Scritto da":"ildammuso-com","Tempo di lettura stimato":"3 minuti"},"schema":{"@context":"https:\/\/schema.org","@graph":[{"@type":"Article","@id":"https:\/\/www.ildammuso.com\/it\/si-va-al-mare-mica-ai-lavori-forzati\/#article","isPartOf":{"@id":"https:\/\/www.ildammuso.com\/it\/si-va-al-mare-mica-ai-lavori-forzati\/"},"author":{"name":"ildammuso-com","@id":"https:\/\/www.ildammuso.com\/it\/#\/schema\/person\/d0a909ca6406e22888ca8d8dfcd59d1f"},"headline":"Si va al mare, mica ai lavori forzati","datePublished":"2021-04-02T09:43:00+00:00","dateModified":"2022-09-28T13:03:14+00:00","mainEntityOfPage":{"@id":"https:\/\/www.ildammuso.com\/it\/si-va-al-mare-mica-ai-lavori-forzati\/"},"wordCount":404,"commentCount":0,"publisher":{"@id":"https:\/\/www.ildammuso.com\/it\/#organization"},"image":{"@id":"https:\/\/www.ildammuso.com\/it\/si-va-al-mare-mica-ai-lavori-forzati\/#primaryimage"},"thumbnailUrl":"https:\/\/storage1254.cdn-immedia.net\/wp-content\/uploads\/2021\/06\/no_lavori_forzati_ma-_mare.jpeg","keywords":["dammuso","estate","pantelleria","relax","vacanza","viaggio"],"articleSection":["Pippe d'altura"],"inLanguage":"it-IT","potentialAction":[{"@type":"CommentAction","name":"Comment","target":["https:\/\/www.ildammuso.com\/it\/si-va-al-mare-mica-ai-lavori-forzati\/#respond"]}]},{"@type":"WebPage","@id":"https:\/\/www.ildammuso.com\/it\/si-va-al-mare-mica-ai-lavori-forzati\/","url":"https:\/\/www.ildammuso.com\/it\/si-va-al-mare-mica-ai-lavori-forzati\/","name":"Si va al mare, mica ai lavori forzati | Il Dammuso","isPartOf":{"@id":"https:\/\/www.ildammuso.com\/it\/#website"},"primaryImageOfPage":{"@id":"https:\/\/www.ildammuso.com\/it\/si-va-al-mare-mica-ai-lavori-forzati\/#primaryimage"},"image":{"@id":"https:\/\/www.ildammuso.com\/it\/si-va-al-mare-mica-ai-lavori-forzati\/#primaryimage"},"thumbnailUrl":"https:\/\/storage1254.cdn-immedia.net\/wp-content\/uploads\/2021\/06\/no_lavori_forzati_ma-_mare.jpeg","datePublished":"2021-04-02T09:43:00+00:00","dateModified":"2022-09-28T13:03:14+00:00","description":"L'estate e' il momento pare lasciare del tempo al nostro tempo","breadcrumb":{"@id":"https:\/\/www.ildammuso.com\/it\/si-va-al-mare-mica-ai-lavori-forzati\/#breadcrumb"},"inLanguage":"it-IT","potentialAction":[{"@type":"ReadAction","target":["https:\/\/www.ildammuso.com\/it\/si-va-al-mare-mica-ai-lavori-forzati\/"]}]},{"@type":"ImageObject","inLanguage":"it-IT","@id":"https:\/\/www.ildammuso.com\/it\/si-va-al-mare-mica-ai-lavori-forzati\/#primaryimage","url":"https:\/\/storage1254.cdn-immedia.net\/wp-content\/uploads\/2021\/06\/no_lavori_forzati_ma-_mare.jpeg","contentUrl":"https:\/\/storage1254.cdn-immedia.net\/wp-content\/uploads\/2021\/06\/no_lavori_forzati_ma-_mare.jpeg","width":1440,"height":963,"caption":"Mare"},{"@type":"BreadcrumbList","@id":"https:\/\/www.ildammuso.com\/it\/si-va-al-mare-mica-ai-lavori-forzati\/#breadcrumb","itemListElement":[{"@type":"ListItem","position":1,"name":"Home","item":"https:\/\/www.ildammuso.com\/it\/"},{"@type":"ListItem","position":2,"name":"&nbsp;"}]},{"@type":"WebSite","@id":"https:\/\/www.ildammuso.com\/it\/#website","url":"https:\/\/www.ildammuso.com\/it\/","name":"Il Dammuso","description":"Il tuo Dammuso a Pantelleria","publisher":{"@id":"https:\/\/www.ildammuso.com\/it\/#organization"},"potentialAction":[{"@type":"SearchAction","target":{"@type":"EntryPoint","urlTemplate":"https:\/\/www.ildammuso.com\/it\/?s={search_term_string}"},"query-input":{"@type":"PropertyValueSpecification","valueRequired":true,"valueName":"search_term_string"}}],"inLanguage":"it-IT"},{"@type":"Organization","@id":"https:\/\/www.ildammuso.com\/it\/#organization","name":"Il Dammuso","url":"https:\/\/www.ildammuso.com\/it\/","logo":{"@type":"ImageObject","inLanguage":"it-IT","@id":"https:\/\/www.ildammuso.com\/it\/#\/schema\/logo\/image\/","url":"https:\/\/storage1254.cdn-immedia.net\/wp-content\/uploads\/2022\/06\/logo-ildammuso.jpg","contentUrl":"https:\/\/storage1254.cdn-immedia.net\/wp-content\/uploads\/2022\/06\/logo-ildammuso.jpg","width":426,"height":395,"caption":"Il Dammuso"},"image":{"@id":"https:\/\/www.ildammuso.com\/it\/#\/schema\/logo\/image\/"},"sameAs":["https:\/\/www.facebook.com\/ildammusodipantelleria\/","https:\/\/www.instagram.com\/ildammusogram\/"]},{"@type":"Person","@id":"https:\/\/www.ildammuso.com\/it\/#\/schema\/person\/d0a909ca6406e22888ca8d8dfcd59d1f","name":"ildammuso-com","image":{"@type":"ImageObject","inLanguage":"it-IT","@id":"https:\/\/secure.gravatar.com\/avatar\/98cbd846e82532f860b5a0cfe7f6120b4319f5a17ecbd5bb0b839b62429b0fc2?s=96&d=mm&r=g","url":"https:\/\/secure.gravatar.com\/avatar\/98cbd846e82532f860b5a0cfe7f6120b4319f5a17ecbd5bb0b839b62429b0fc2?s=96&d=mm&r=g","contentUrl":"https:\/\/secure.gravatar.com\/avatar\/98cbd846e82532f860b5a0cfe7f6120b4319f5a17ecbd5bb0b839b62429b0fc2?s=96&d=mm&r=g","caption":"ildammuso-com"},"sameAs":["https:\/\/www.ildammuso.com"]}]}},"_links":{"self":[{"href":"https:\/\/www.ildammuso.com\/it\/wp-json\/wp\/v2\/posts\/3343","targetHints":{"allow":["GET"]}}],"collection":[{"href":"https:\/\/www.ildammuso.com\/it\/wp-json\/wp\/v2\/posts"}],"about":[{"href":"https:\/\/www.ildammuso.com\/it\/wp-json\/wp\/v2\/types\/post"}],"author":[{"embeddable":true,"href":"https:\/\/www.ildammuso.com\/it\/wp-json\/wp\/v2\/users\/1"}],"replies":[{"embeddable":true,"href":"https:\/\/www.ildammuso.com\/it\/wp-json\/wp\/v2\/comments?post=3343"}],"version-history":[{"count":3,"href":"https:\/\/www.ildammuso.com\/it\/wp-json\/wp\/v2\/posts\/3343\/revisions"}],"predecessor-version":[{"id":16364,"href":"https:\/\/www.ildammuso.com\/it\/wp-json\/wp\/v2\/posts\/3343\/revisions\/16364"}],"wp:featuredmedia":[{"embeddable":true,"href":"https:\/\/www.ildammuso.com\/it\/wp-json\/wp\/v2\/media\/11716"}],"wp:attachment":[{"href":"https:\/\/www.ildammuso.com\/it\/wp-json\/wp\/v2\/media?parent=3343"}],"wp:term":[{"taxonomy":"category","embeddable":true,"href":"https:\/\/www.ildammuso.com\/it\/wp-json\/wp\/v2\/categories?post=3343"},{"taxonomy":"post_tag","embeddable":true,"href":"https:\/\/www.ildammuso.com\/it\/wp-json\/wp\/v2\/tags?post=3343"}],"curies":[{"name":"wp","href":"https:\/\/api.w.org\/{rel}","templated":true}]}}