{"id":3412,"date":"2021-06-14T17:18:00","date_gmt":"2021-06-14T15:18:00","guid":{"rendered":"https:\/\/www.ildammuso.com\/?p=3412"},"modified":"2022-09-19T16:25:17","modified_gmt":"2022-09-19T14:25:17","slug":"e-poi-s-punta-punta-li-marsi","status":"publish","type":"post","link":"https:\/\/www.ildammuso.com\/it\/e-poi-s-punta-punta-li-marsi\/","title":{"rendered":"E poi s Punta Punta Li Marsi"},"content":{"rendered":"<p>Punta Li Marsi, chi \u00e8 stato a Pantelleria la conosce.<\/p>\n<p>Chi non c&#8217;\u00e8 stato si \u00e8 perso qualcosa.<\/p>\n<p>Ma chi vuol andarci fa sempre in tempo.<\/p>\n<p>\u00c8 a sud est dell\u2019isola, un piccolo faro la illumina di notte, ma io consiglio vivamente di andarci di giorno.<\/p>\n<p>Per troppe ragioni che dovrete scoprire da soli.<\/p>\n<p>Esiste un accesso al mare decisamente praticabile e poi l\u2019accesso per quelli che, come diciamo noi a Palermo in dialetto \u201cse la fidano\u201d (n.d.r. sono capaci).<\/p>\n<p>Io \u201cnon me la fido\u201d.<\/p>\n<p>E non chiedetemi perch\u00e9 a Palermo usiamo questa locuzione perch\u00e9 davvero non ci arrivo.<\/p>\n<p>E non chiedetemi nemmeno perch\u00e9 \u201cnon me la fido\u201d<\/p>\n<p>Ovviamente, l\u2019ingresso pi\u00f9 impervio \u00e8 pi\u00f9 bello e solitario, diciamo che \u00e8 paradiso.<\/p>\n<p>Ieri eravamo in tre e un migliaio di pesci proprio sotto costa. Un mare blu \u201csicurezza\u201d, perch\u00e9 esiste anche il blu scuro, che qualcuno trova inquietante, e il piccolo faro bianco sopra le nostre teste.<\/p>\n<p>Se nei giorni precedenti c&#8217;\u00e8 stato maestrale si formano delle pozze di acqua trasparente dove immergersi, soprattutto, dopo un bagno nell\u2019acqua fredda e rigenerante e\u2019 piacevole e confortante.<\/p>\n<p>Per raggiungere la postazione di \u201cquelli che se la fidano\u201d io, personalmente, devo fare tre giorni di squatting e uno di meditazione trascendentale per approdare allo scoglio sul quale mi posizioner\u00f2.<\/p>\n<p>Ma dovete tenere a mente che io sono la \u201cblogger disadattata\u201d e quanto ad equilibrio e propriocezione, evidentemente, difetto.<\/p>\n<p>Una cosa \u00e8 certa, il mio ambiente naturale non \u00e8 la terra ma l\u2019acqua, infatti, tuffatami e indossata la maschera, che l\u2019acqua sia -2 o a temperatura perfetta, ritorno in perfetto equilibrio e nuoto nuoto nuoto.<\/p>\n<p>Mantenendomi prossima alla costa faccio incursioni nel blu profondo per poi addentrarmi nelle numerose calette che si susseguono.<\/p>\n<p>\u00c8 uno spettacolo che le parole sono anche inutili. Quando comincio ad esplorare la mia mente si svuota di qualsiasi pensiero e diventa solo osservazione, inseguimento di banchi di pesci, sguisciare tra gli scogli affioranti e DISAPPANNARE la maschera.<\/p>\n<p>Se dovessi descrivere la sensazione che provo direi che, per me, \u00e8 come approdare, ogni volta su un pianeta sconosciuto.<\/p>\n<p>Ovviamente, quando esco dall\u2019acqua ho perso la sensibilit\u00e0 di buona parte delle dita delle mani ma, soprattutto, ho perso la nozione del tempo.<\/p>\n<p>Cosa che per me ha del miracoloso.<\/p>\n<p>Foto di Carlotta Maffeo<\/p>\n","protected":false},"excerpt":{"rendered":"<p>Punta Li Marsi, tra scogli e mare<\/p>\n","protected":false},"author":3,"featured_media":11661,"comment_status":"open","ping_status":"open","sticky":false,"template":"","format":"standard","meta":{"_acf_changed":false,"footnotes":""},"categories":[446],"tags":[265,266,267,231,96,91],"class_list":["post-3412","post","type-post","status-publish","format-standard","has-post-thumbnail","hentry","category-pantelleria-lisola","tag-faro","tag-gita","tag-puntalimarsi","tag-ildammusogram","tag-mare","tag-pantelleria"],"acf":[],"yoast_head":"<!-- This site is optimized with the Yoast SEO plugin v27.4 - https:\/\/yoast.com\/product\/yoast-seo-wordpress\/ -->\n<title>E poi s Punta Punta Li Marsi | Il Dammuso<\/title>\n<meta name=\"description\" content=\"Indimenticabile gita al faro di Punta Li Marsi. La blogger disadattata si adatta per una escursione temeraria\" \/>\n<meta name=\"robots\" content=\"index, follow, max-snippet:-1, max-image-preview:large, max-video-preview:-1\" \/>\n<link rel=\"canonical\" href=\"https:\/\/www.ildammuso.com\/it\/e-poi-s-punta-punta-li-marsi\/\" \/>\n<meta property=\"og:locale\" content=\"it_IT\" \/>\n<meta property=\"og:type\" content=\"article\" \/>\n<meta property=\"og:title\" content=\"E poi s Punta Punta Li Marsi | Il Dammuso\" \/>\n<meta property=\"og:description\" content=\"Indimenticabile gita al faro di Punta Li Marsi. La blogger disadattata si adatta per una escursione temeraria\" \/>\n<meta property=\"og:url\" content=\"https:\/\/www.ildammuso.com\/it\/e-poi-s-punta-punta-li-marsi\/\" \/>\n<meta property=\"og:site_name\" content=\"Il Dammuso\" \/>\n<meta property=\"article:publisher\" content=\"https:\/\/www.facebook.com\/ildammusodipantelleria\/\" \/>\n<meta property=\"article:published_time\" content=\"2021-06-14T15:18:00+00:00\" \/>\n<meta property=\"article:modified_time\" content=\"2022-09-19T14:25:17+00:00\" \/>\n<meta property=\"og:image\" content=\"https:\/\/storage1254.cdn-immedia.net\/wp-content\/uploads\/2021\/06\/punta-li-marsi.jpeg\" \/>\n\t<meta property=\"og:image:width\" content=\"1536\" \/>\n\t<meta property=\"og:image:height\" content=\"2048\" \/>\n\t<meta property=\"og:image:type\" content=\"image\/jpeg\" \/>\n<meta name=\"author\" content=\"claudia\" \/>\n<meta name=\"twitter:card\" content=\"summary_large_image\" \/>\n<meta name=\"twitter:label1\" content=\"Scritto da\" \/>\n\t<meta name=\"twitter:data1\" content=\"claudia\" \/>\n\t<meta name=\"twitter:label2\" content=\"Tempo di lettura stimato\" \/>\n\t<meta name=\"twitter:data2\" content=\"3 minuti\" \/>\n<script type=\"application\/ld+json\" class=\"yoast-schema-graph\">{\"@context\":\"https:\\\/\\\/schema.org\",\"@graph\":[{\"@type\":\"Article\",\"@id\":\"https:\\\/\\\/www.ildammuso.com\\\/it\\\/e-poi-s-punta-punta-li-marsi\\\/#article\",\"isPartOf\":{\"@id\":\"https:\\\/\\\/www.ildammuso.com\\\/it\\\/e-poi-s-punta-punta-li-marsi\\\/\"},\"author\":{\"name\":\"claudia\",\"@id\":\"https:\\\/\\\/www.ildammuso.com\\\/it\\\/#\\\/schema\\\/person\\\/a97bc2634c1ae772b6efbb07fef2b3a8\"},\"headline\":\"E poi s Punta Punta Li Marsi\",\"datePublished\":\"2021-06-14T15:18:00+00:00\",\"dateModified\":\"2022-09-19T14:25:17+00:00\",\"mainEntityOfPage\":{\"@id\":\"https:\\\/\\\/www.ildammuso.com\\\/it\\\/e-poi-s-punta-punta-li-marsi\\\/\"},\"wordCount\":388,\"commentCount\":0,\"publisher\":{\"@id\":\"https:\\\/\\\/www.ildammuso.com\\\/it\\\/#organization\"},\"image\":{\"@id\":\"https:\\\/\\\/www.ildammuso.com\\\/it\\\/e-poi-s-punta-punta-li-marsi\\\/#primaryimage\"},\"thumbnailUrl\":\"https:\\\/\\\/www.ildammuso.com\\\/wp-content\\\/uploads\\\/2021\\\/06\\\/punta-li-marsi.jpeg\",\"keywords\":[\"#faro\",\"#gita\",\"#puntalimarsi\",\"ildammusogram\",\"mare\",\"pantelleria\"],\"articleSection\":[\"Pantelleria, l'isola\"],\"inLanguage\":\"it-IT\",\"potentialAction\":[{\"@type\":\"CommentAction\",\"name\":\"Comment\",\"target\":[\"https:\\\/\\\/www.ildammuso.com\\\/it\\\/e-poi-s-punta-punta-li-marsi\\\/#respond\"]}]},{\"@type\":\"WebPage\",\"@id\":\"https:\\\/\\\/www.ildammuso.com\\\/it\\\/e-poi-s-punta-punta-li-marsi\\\/\",\"url\":\"https:\\\/\\\/www.ildammuso.com\\\/it\\\/e-poi-s-punta-punta-li-marsi\\\/\",\"name\":\"E poi s Punta Punta Li Marsi | Il Dammuso\",\"isPartOf\":{\"@id\":\"https:\\\/\\\/www.ildammuso.com\\\/it\\\/#website\"},\"primaryImageOfPage\":{\"@id\":\"https:\\\/\\\/www.ildammuso.com\\\/it\\\/e-poi-s-punta-punta-li-marsi\\\/#primaryimage\"},\"image\":{\"@id\":\"https:\\\/\\\/www.ildammuso.com\\\/it\\\/e-poi-s-punta-punta-li-marsi\\\/#primaryimage\"},\"thumbnailUrl\":\"https:\\\/\\\/www.ildammuso.com\\\/wp-content\\\/uploads\\\/2021\\\/06\\\/punta-li-marsi.jpeg\",\"datePublished\":\"2021-06-14T15:18:00+00:00\",\"dateModified\":\"2022-09-19T14:25:17+00:00\",\"description\":\"Indimenticabile gita al faro di Punta Li Marsi. La blogger disadattata si adatta per una escursione temeraria\",\"breadcrumb\":{\"@id\":\"https:\\\/\\\/www.ildammuso.com\\\/it\\\/e-poi-s-punta-punta-li-marsi\\\/#breadcrumb\"},\"inLanguage\":\"it-IT\",\"potentialAction\":[{\"@type\":\"ReadAction\",\"target\":[\"https:\\\/\\\/www.ildammuso.com\\\/it\\\/e-poi-s-punta-punta-li-marsi\\\/\"]}]},{\"@type\":\"ImageObject\",\"inLanguage\":\"it-IT\",\"@id\":\"https:\\\/\\\/www.ildammuso.com\\\/it\\\/e-poi-s-punta-punta-li-marsi\\\/#primaryimage\",\"url\":\"https:\\\/\\\/www.ildammuso.com\\\/wp-content\\\/uploads\\\/2021\\\/06\\\/punta-li-marsi.jpeg\",\"contentUrl\":\"https:\\\/\\\/www.ildammuso.com\\\/wp-content\\\/uploads\\\/2021\\\/06\\\/punta-li-marsi.jpeg\",\"width\":1536,\"height\":2048,\"caption\":\"Punta Li Marsi\"},{\"@type\":\"BreadcrumbList\",\"@id\":\"https:\\\/\\\/www.ildammuso.com\\\/it\\\/e-poi-s-punta-punta-li-marsi\\\/#breadcrumb\",\"itemListElement\":[{\"@type\":\"ListItem\",\"position\":1,\"name\":\"Home\",\"item\":\"https:\\\/\\\/www.ildammuso.com\\\/it\\\/\"},{\"@type\":\"ListItem\",\"position\":2,\"name\":\"&nbsp;\"}]},{\"@type\":\"WebSite\",\"@id\":\"https:\\\/\\\/www.ildammuso.com\\\/it\\\/#website\",\"url\":\"https:\\\/\\\/www.ildammuso.com\\\/it\\\/\",\"name\":\"Il Dammuso\",\"description\":\"Il tuo Dammuso a Pantelleria\",\"publisher\":{\"@id\":\"https:\\\/\\\/www.ildammuso.com\\\/it\\\/#organization\"},\"potentialAction\":[{\"@type\":\"SearchAction\",\"target\":{\"@type\":\"EntryPoint\",\"urlTemplate\":\"https:\\\/\\\/www.ildammuso.com\\\/it\\\/?s={search_term_string}\"},\"query-input\":{\"@type\":\"PropertyValueSpecification\",\"valueRequired\":true,\"valueName\":\"search_term_string\"}}],\"inLanguage\":\"it-IT\"},{\"@type\":\"Organization\",\"@id\":\"https:\\\/\\\/www.ildammuso.com\\\/it\\\/#organization\",\"name\":\"Il Dammuso\",\"url\":\"https:\\\/\\\/www.ildammuso.com\\\/it\\\/\",\"logo\":{\"@type\":\"ImageObject\",\"inLanguage\":\"it-IT\",\"@id\":\"https:\\\/\\\/www.ildammuso.com\\\/it\\\/#\\\/schema\\\/logo\\\/image\\\/\",\"url\":\"https:\\\/\\\/www.ildammuso.com\\\/wp-content\\\/uploads\\\/2022\\\/06\\\/logo-ildammuso.jpg\",\"contentUrl\":\"https:\\\/\\\/www.ildammuso.com\\\/wp-content\\\/uploads\\\/2022\\\/06\\\/logo-ildammuso.jpg\",\"width\":426,\"height\":395,\"caption\":\"Il Dammuso\"},\"image\":{\"@id\":\"https:\\\/\\\/www.ildammuso.com\\\/it\\\/#\\\/schema\\\/logo\\\/image\\\/\"},\"sameAs\":[\"https:\\\/\\\/www.facebook.com\\\/ildammusodipantelleria\\\/\",\"https:\\\/\\\/www.instagram.com\\\/ildammusogram\\\/\"]},{\"@type\":\"Person\",\"@id\":\"https:\\\/\\\/www.ildammuso.com\\\/it\\\/#\\\/schema\\\/person\\\/a97bc2634c1ae772b6efbb07fef2b3a8\",\"name\":\"claudia\",\"image\":{\"@type\":\"ImageObject\",\"inLanguage\":\"it-IT\",\"@id\":\"https:\\\/\\\/secure.gravatar.com\\\/avatar\\\/bfa9e85032faeaffeaaafd48c7c09ad8da852ff133d8361db8721aff28093ebe?s=96&d=mm&r=g\",\"url\":\"https:\\\/\\\/secure.gravatar.com\\\/avatar\\\/bfa9e85032faeaffeaaafd48c7c09ad8da852ff133d8361db8721aff28093ebe?s=96&d=mm&r=g\",\"contentUrl\":\"https:\\\/\\\/secure.gravatar.com\\\/avatar\\\/bfa9e85032faeaffeaaafd48c7c09ad8da852ff133d8361db8721aff28093ebe?s=96&d=mm&r=g\",\"caption\":\"claudia\"}}]}<\/script>\n<!-- \/ Yoast SEO plugin. -->","yoast_head_json":{"title":"E poi s Punta Punta Li Marsi | Il Dammuso","description":"Indimenticabile gita al faro di Punta Li Marsi. La blogger disadattata si adatta per una escursione temeraria","robots":{"index":"index","follow":"follow","max-snippet":"max-snippet:-1","max-image-preview":"max-image-preview:large","max-video-preview":"max-video-preview:-1"},"canonical":"https:\/\/www.ildammuso.com\/it\/e-poi-s-punta-punta-li-marsi\/","og_locale":"it_IT","og_type":"article","og_title":"E poi s Punta Punta Li Marsi | Il Dammuso","og_description":"Indimenticabile gita al faro di Punta Li Marsi. La blogger disadattata si adatta per una escursione temeraria","og_url":"https:\/\/www.ildammuso.com\/it\/e-poi-s-punta-punta-li-marsi\/","og_site_name":"Il Dammuso","article_publisher":"https:\/\/www.facebook.com\/ildammusodipantelleria\/","article_published_time":"2021-06-14T15:18:00+00:00","article_modified_time":"2022-09-19T14:25:17+00:00","og_image":[{"width":1536,"height":2048,"url":"https:\/\/storage1254.cdn-immedia.net\/wp-content\/uploads\/2021\/06\/punta-li-marsi.jpeg","type":"image\/jpeg"}],"author":"claudia","twitter_card":"summary_large_image","twitter_misc":{"Scritto da":"claudia","Tempo di lettura stimato":"3 minuti"},"schema":{"@context":"https:\/\/schema.org","@graph":[{"@type":"Article","@id":"https:\/\/www.ildammuso.com\/it\/e-poi-s-punta-punta-li-marsi\/#article","isPartOf":{"@id":"https:\/\/www.ildammuso.com\/it\/e-poi-s-punta-punta-li-marsi\/"},"author":{"name":"claudia","@id":"https:\/\/www.ildammuso.com\/it\/#\/schema\/person\/a97bc2634c1ae772b6efbb07fef2b3a8"},"headline":"E poi s Punta Punta Li Marsi","datePublished":"2021-06-14T15:18:00+00:00","dateModified":"2022-09-19T14:25:17+00:00","mainEntityOfPage":{"@id":"https:\/\/www.ildammuso.com\/it\/e-poi-s-punta-punta-li-marsi\/"},"wordCount":388,"commentCount":0,"publisher":{"@id":"https:\/\/www.ildammuso.com\/it\/#organization"},"image":{"@id":"https:\/\/www.ildammuso.com\/it\/e-poi-s-punta-punta-li-marsi\/#primaryimage"},"thumbnailUrl":"https:\/\/storage1254.cdn-immedia.net\/wp-content\/uploads\/2021\/06\/punta-li-marsi.jpeg","keywords":["#faro","#gita","#puntalimarsi","ildammusogram","mare","pantelleria"],"articleSection":["Pantelleria, l'isola"],"inLanguage":"it-IT","potentialAction":[{"@type":"CommentAction","name":"Comment","target":["https:\/\/www.ildammuso.com\/it\/e-poi-s-punta-punta-li-marsi\/#respond"]}]},{"@type":"WebPage","@id":"https:\/\/www.ildammuso.com\/it\/e-poi-s-punta-punta-li-marsi\/","url":"https:\/\/www.ildammuso.com\/it\/e-poi-s-punta-punta-li-marsi\/","name":"E poi s Punta Punta Li Marsi | Il Dammuso","isPartOf":{"@id":"https:\/\/www.ildammuso.com\/it\/#website"},"primaryImageOfPage":{"@id":"https:\/\/www.ildammuso.com\/it\/e-poi-s-punta-punta-li-marsi\/#primaryimage"},"image":{"@id":"https:\/\/www.ildammuso.com\/it\/e-poi-s-punta-punta-li-marsi\/#primaryimage"},"thumbnailUrl":"https:\/\/storage1254.cdn-immedia.net\/wp-content\/uploads\/2021\/06\/punta-li-marsi.jpeg","datePublished":"2021-06-14T15:18:00+00:00","dateModified":"2022-09-19T14:25:17+00:00","description":"Indimenticabile gita al faro di Punta Li Marsi. La blogger disadattata si adatta per una escursione temeraria","breadcrumb":{"@id":"https:\/\/www.ildammuso.com\/it\/e-poi-s-punta-punta-li-marsi\/#breadcrumb"},"inLanguage":"it-IT","potentialAction":[{"@type":"ReadAction","target":["https:\/\/www.ildammuso.com\/it\/e-poi-s-punta-punta-li-marsi\/"]}]},{"@type":"ImageObject","inLanguage":"it-IT","@id":"https:\/\/www.ildammuso.com\/it\/e-poi-s-punta-punta-li-marsi\/#primaryimage","url":"https:\/\/storage1254.cdn-immedia.net\/wp-content\/uploads\/2021\/06\/punta-li-marsi.jpeg","contentUrl":"https:\/\/storage1254.cdn-immedia.net\/wp-content\/uploads\/2021\/06\/punta-li-marsi.jpeg","width":1536,"height":2048,"caption":"Punta Li Marsi"},{"@type":"BreadcrumbList","@id":"https:\/\/www.ildammuso.com\/it\/e-poi-s-punta-punta-li-marsi\/#breadcrumb","itemListElement":[{"@type":"ListItem","position":1,"name":"Home","item":"https:\/\/www.ildammuso.com\/it\/"},{"@type":"ListItem","position":2,"name":"&nbsp;"}]},{"@type":"WebSite","@id":"https:\/\/www.ildammuso.com\/it\/#website","url":"https:\/\/www.ildammuso.com\/it\/","name":"Il Dammuso","description":"Il tuo Dammuso a Pantelleria","publisher":{"@id":"https:\/\/www.ildammuso.com\/it\/#organization"},"potentialAction":[{"@type":"SearchAction","target":{"@type":"EntryPoint","urlTemplate":"https:\/\/www.ildammuso.com\/it\/?s={search_term_string}"},"query-input":{"@type":"PropertyValueSpecification","valueRequired":true,"valueName":"search_term_string"}}],"inLanguage":"it-IT"},{"@type":"Organization","@id":"https:\/\/www.ildammuso.com\/it\/#organization","name":"Il Dammuso","url":"https:\/\/www.ildammuso.com\/it\/","logo":{"@type":"ImageObject","inLanguage":"it-IT","@id":"https:\/\/www.ildammuso.com\/it\/#\/schema\/logo\/image\/","url":"https:\/\/storage1254.cdn-immedia.net\/wp-content\/uploads\/2022\/06\/logo-ildammuso.jpg","contentUrl":"https:\/\/storage1254.cdn-immedia.net\/wp-content\/uploads\/2022\/06\/logo-ildammuso.jpg","width":426,"height":395,"caption":"Il Dammuso"},"image":{"@id":"https:\/\/www.ildammuso.com\/it\/#\/schema\/logo\/image\/"},"sameAs":["https:\/\/www.facebook.com\/ildammusodipantelleria\/","https:\/\/www.instagram.com\/ildammusogram\/"]},{"@type":"Person","@id":"https:\/\/www.ildammuso.com\/it\/#\/schema\/person\/a97bc2634c1ae772b6efbb07fef2b3a8","name":"claudia","image":{"@type":"ImageObject","inLanguage":"it-IT","@id":"https:\/\/secure.gravatar.com\/avatar\/bfa9e85032faeaffeaaafd48c7c09ad8da852ff133d8361db8721aff28093ebe?s=96&d=mm&r=g","url":"https:\/\/secure.gravatar.com\/avatar\/bfa9e85032faeaffeaaafd48c7c09ad8da852ff133d8361db8721aff28093ebe?s=96&d=mm&r=g","contentUrl":"https:\/\/secure.gravatar.com\/avatar\/bfa9e85032faeaffeaaafd48c7c09ad8da852ff133d8361db8721aff28093ebe?s=96&d=mm&r=g","caption":"claudia"}}]}},"_links":{"self":[{"href":"https:\/\/www.ildammuso.com\/it\/wp-json\/wp\/v2\/posts\/3412","targetHints":{"allow":["GET"]}}],"collection":[{"href":"https:\/\/www.ildammuso.com\/it\/wp-json\/wp\/v2\/posts"}],"about":[{"href":"https:\/\/www.ildammuso.com\/it\/wp-json\/wp\/v2\/types\/post"}],"author":[{"embeddable":true,"href":"https:\/\/www.ildammuso.com\/it\/wp-json\/wp\/v2\/users\/3"}],"replies":[{"embeddable":true,"href":"https:\/\/www.ildammuso.com\/it\/wp-json\/wp\/v2\/comments?post=3412"}],"version-history":[{"count":2,"href":"https:\/\/www.ildammuso.com\/it\/wp-json\/wp\/v2\/posts\/3412\/revisions"}],"predecessor-version":[{"id":15904,"href":"https:\/\/www.ildammuso.com\/it\/wp-json\/wp\/v2\/posts\/3412\/revisions\/15904"}],"wp:featuredmedia":[{"embeddable":true,"href":"https:\/\/www.ildammuso.com\/it\/wp-json\/wp\/v2\/media\/11661"}],"wp:attachment":[{"href":"https:\/\/www.ildammuso.com\/it\/wp-json\/wp\/v2\/media?parent=3412"}],"wp:term":[{"taxonomy":"category","embeddable":true,"href":"https:\/\/www.ildammuso.com\/it\/wp-json\/wp\/v2\/categories?post=3412"},{"taxonomy":"post_tag","embeddable":true,"href":"https:\/\/www.ildammuso.com\/it\/wp-json\/wp\/v2\/tags?post=3412"}],"curies":[{"name":"wp","href":"https:\/\/api.w.org\/{rel}","templated":true}]}}