{"id":5303,"date":"2021-08-17T14:01:00","date_gmt":"2021-08-17T12:01:00","guid":{"rendered":"https:\/\/www.ildammuso.com\/?p=5303"},"modified":"2022-09-20T14:17:07","modified_gmt":"2022-09-20T12:17:07","slug":"capitan-artiuro-e-la-sua-ciurma","status":"publish","type":"post","link":"https:\/\/www.ildammuso.com\/it\/capitan-artiuro-e-la-sua-ciurma\/","title":{"rendered":"CAPITAN ARTIURO e la sua ciurma"},"content":{"rendered":"<p>Sera del sedici agosto 2021, davanti al tramonto di Rekhale la scrivente e altri tre amici, tutti capitanati (per l\u2019appunto) da CAPITAN ARTIURO decidono che l\u2019indomani, alle prime luci dell\u2019alba, sfideranno il Maestrale entrante con una gita in gommone fuori dalle porte marittime del Porto di Scauri.<\/p>\n<p>La comitiva alle 8 del mattino (ma non dovevano essere le prime luci dell\u2019alba? Vabbe\u2019) si \u00e8 appena riunita al Bar U Trattu per una breve e leggera colazione.<\/p>\n<p>Sosta veloce per partire, nell\u2019immediatezza, alla volta del porticciolo turistico alle falde di Rekhale.<\/p>\n<p>Giunti sul molo ondeggiante, CAPITAN ARTIURO fa bella mostra di s\u00e9 saltando di barca in barca per raggiungere la sua imbarcazione, seguono gli altri due, agili come gatti, mentre la scrivente rischia un primo scivolone con colpo di nuca sul pontile, spaccata tra barca e barca per raggiungere, infine, illesa il gommone del CAPITANO.<\/p>\n<p>Il vento di Maestrale minaccia un\u2019onda di almeno un metro (portato dalla scrivente metro da sarta per misurazione precisa) ma la comitiva non intende cedere alla paura e decide di affrontare, spartanamente, il mare promettente TEMPESTA.<\/p>\n<p>Superato il molo del porticciolo il cielo minaccia avversit\u00e0 ma senza tema la comitiva procede a tutto gas verso Cala delle Capre.<\/p>\n<p>A met\u00e0 percorso l\u2019equipaggio \u00e8 tutto in piedi perch\u00e9 la scrivente lamenta dolore per lesione a due dischi lombari, altro membro dell\u2019equipaggio lo schiacciamento di almeno tre vertebre, altro membro dell\u2019equipaggio nausea.<\/p>\n<p>Purtuttavia si procede alla ricerca di una caletta protetta per una breve ma intensa immersione.<\/p>\n<p>Le prime quattro vengono scartate per presenza importante di meduse VIOLA galleggianti in superficie, la quinta ci inganna.<\/p>\n<p>La scrivente, sfidando sorte e buon senso, indossata la maschera decide che sar\u00e0 lei a saggiare le acque e si produce in un tuffo a bomba di grandissima classe con scivolone del piede sinistro sul gommone bagnato.<\/p>\n<p>Dalla barca gli astanti chiedono se il mare sia infestato dalle ospiti gelatinose, il dito pollice si solleva vittorioso fuori dall\u2019acqua indicando l\u2019assenza delle urticanti nemiche.<\/p>\n<p>Ma \u00e8 un attimo, perch\u00e9 quello dopo la scrivente, avendo avvistato numerosi ombrelli fluorescenti, con un movimento solo e con un&#8217;agilit\u00e0 senza precedenti \u00e8 gi\u00e0 salita sull\u2019imbarcazione come in un video al contrario.<\/p>\n<p>CAPITAN ARTIURO, continuando a perlustrare il pelago e affrontando onde di 98 cm, riporta la ciurma in salvo.<\/p>\n<p>Festeggiamenti al Bora Bora, con cappuccino e torta alle mele (o forse era un plum cake?).<\/p>\n<p>La scrivente, per il resto della giornata, ha continuato a camminare barcollando avvertendo anche un lieve senso di nausea.<\/p>\n<p>GENTE DI MARE.<\/p>\n<p>Foto di Carlotta Maffeo<\/p>\n","protected":false},"excerpt":{"rendered":"<p>Il Capitano Arturo e la sua ciurma nel mare in tempesta<\/p>\n","protected":false},"author":3,"featured_media":11586,"comment_status":"open","ping_status":"open","sticky":false,"template":"","format":"standard","meta":{"_acf_changed":false,"footnotes":""},"categories":[440,446],"tags":[311,312,307,273,96,91],"class_list":["post-5303","post","type-post","status-publish","format-standard","has-post-thumbnail","hentry","category-istruzioni-per-l-uso","category-pantelleria-lisola","tag-gommone","tag-meduse","tag-tuffi","tag-ildammuso-com","tag-mare","tag-pantelleria"],"acf":[],"yoast_head":"<!-- This site is optimized with the Yoast SEO plugin v27.5 - https:\/\/yoast.com\/product\/yoast-seo-wordpress\/ -->\n<title>CAPITAN ARTIURO e la sua ciurma | Il Dammuso<\/title>\n<meta name=\"description\" content=\"Il racconto di una mattinata in barca. Partenza dal porticciolo di Scauri, mare in tempesta e meduse. Un rientro prima del previsto.\" \/>\n<meta name=\"robots\" content=\"index, follow, max-snippet:-1, max-image-preview:large, max-video-preview:-1\" \/>\n<link rel=\"canonical\" href=\"https:\/\/www.ildammuso.com\/it\/capitan-artiuro-e-la-sua-ciurma\/\" \/>\n<meta property=\"og:locale\" content=\"it_IT\" \/>\n<meta property=\"og:type\" content=\"article\" \/>\n<meta property=\"og:title\" content=\"CAPITAN ARTIURO e la sua ciurma | Il Dammuso\" \/>\n<meta property=\"og:description\" content=\"Il racconto di una mattinata in barca. Partenza dal porticciolo di Scauri, mare in tempesta e meduse. Un rientro prima del previsto.\" \/>\n<meta property=\"og:url\" content=\"https:\/\/www.ildammuso.com\/it\/capitan-artiuro-e-la-sua-ciurma\/\" \/>\n<meta property=\"og:site_name\" content=\"Il Dammuso\" \/>\n<meta property=\"article:publisher\" content=\"https:\/\/www.facebook.com\/ildammusodipantelleria\/\" \/>\n<meta property=\"article:published_time\" content=\"2021-08-17T12:01:00+00:00\" \/>\n<meta property=\"article:modified_time\" content=\"2022-09-20T12:17:07+00:00\" \/>\n<meta property=\"og:image\" content=\"https:\/\/storage1254.cdn-immedia.net\/wp-content\/uploads\/2021\/09\/capitan-artiuro-e-la-sua-ciurma.jpeg\" \/>\n\t<meta property=\"og:image:width\" content=\"2048\" \/>\n\t<meta property=\"og:image:height\" content=\"1536\" \/>\n\t<meta property=\"og:image:type\" content=\"image\/jpeg\" \/>\n<meta name=\"author\" content=\"claudia\" \/>\n<meta name=\"twitter:card\" content=\"summary_large_image\" \/>\n<meta name=\"twitter:label1\" content=\"Scritto da\" \/>\n\t<meta name=\"twitter:data1\" content=\"claudia\" \/>\n\t<meta name=\"twitter:label2\" content=\"Tempo di lettura stimato\" \/>\n\t<meta name=\"twitter:data2\" content=\"3 minuti\" \/>\n<script type=\"application\/ld+json\" class=\"yoast-schema-graph\">{\"@context\":\"https:\\\/\\\/schema.org\",\"@graph\":[{\"@type\":\"Article\",\"@id\":\"https:\\\/\\\/www.ildammuso.com\\\/it\\\/capitan-artiuro-e-la-sua-ciurma\\\/#article\",\"isPartOf\":{\"@id\":\"https:\\\/\\\/www.ildammuso.com\\\/it\\\/capitan-artiuro-e-la-sua-ciurma\\\/\"},\"author\":{\"name\":\"claudia\",\"@id\":\"https:\\\/\\\/www.ildammuso.com\\\/it\\\/#\\\/schema\\\/person\\\/a97bc2634c1ae772b6efbb07fef2b3a8\"},\"headline\":\"CAPITAN ARTIURO e la sua ciurma\",\"datePublished\":\"2021-08-17T12:01:00+00:00\",\"dateModified\":\"2022-09-20T12:17:07+00:00\",\"mainEntityOfPage\":{\"@id\":\"https:\\\/\\\/www.ildammuso.com\\\/it\\\/capitan-artiuro-e-la-sua-ciurma\\\/\"},\"wordCount\":435,\"commentCount\":0,\"publisher\":{\"@id\":\"https:\\\/\\\/www.ildammuso.com\\\/it\\\/#organization\"},\"image\":{\"@id\":\"https:\\\/\\\/www.ildammuso.com\\\/it\\\/capitan-artiuro-e-la-sua-ciurma\\\/#primaryimage\"},\"thumbnailUrl\":\"https:\\\/\\\/www.ildammuso.com\\\/wp-content\\\/uploads\\\/2021\\\/09\\\/capitan-artiuro-e-la-sua-ciurma.jpeg\",\"keywords\":[\"#gommone\",\"#meduse\",\"#tuffi\",\"ildammuso.com\",\"mare\",\"pantelleria\"],\"articleSection\":[\"Istruzioni per l'uso\",\"Pantelleria, l'isola\"],\"inLanguage\":\"it-IT\",\"potentialAction\":[{\"@type\":\"CommentAction\",\"name\":\"Comment\",\"target\":[\"https:\\\/\\\/www.ildammuso.com\\\/it\\\/capitan-artiuro-e-la-sua-ciurma\\\/#respond\"]}]},{\"@type\":\"WebPage\",\"@id\":\"https:\\\/\\\/www.ildammuso.com\\\/it\\\/capitan-artiuro-e-la-sua-ciurma\\\/\",\"url\":\"https:\\\/\\\/www.ildammuso.com\\\/it\\\/capitan-artiuro-e-la-sua-ciurma\\\/\",\"name\":\"CAPITAN ARTIURO e la sua ciurma | Il Dammuso\",\"isPartOf\":{\"@id\":\"https:\\\/\\\/www.ildammuso.com\\\/it\\\/#website\"},\"primaryImageOfPage\":{\"@id\":\"https:\\\/\\\/www.ildammuso.com\\\/it\\\/capitan-artiuro-e-la-sua-ciurma\\\/#primaryimage\"},\"image\":{\"@id\":\"https:\\\/\\\/www.ildammuso.com\\\/it\\\/capitan-artiuro-e-la-sua-ciurma\\\/#primaryimage\"},\"thumbnailUrl\":\"https:\\\/\\\/www.ildammuso.com\\\/wp-content\\\/uploads\\\/2021\\\/09\\\/capitan-artiuro-e-la-sua-ciurma.jpeg\",\"datePublished\":\"2021-08-17T12:01:00+00:00\",\"dateModified\":\"2022-09-20T12:17:07+00:00\",\"description\":\"Il racconto di una mattinata in barca. Partenza dal porticciolo di Scauri, mare in tempesta e meduse. Un rientro prima del previsto.\",\"breadcrumb\":{\"@id\":\"https:\\\/\\\/www.ildammuso.com\\\/it\\\/capitan-artiuro-e-la-sua-ciurma\\\/#breadcrumb\"},\"inLanguage\":\"it-IT\",\"potentialAction\":[{\"@type\":\"ReadAction\",\"target\":[\"https:\\\/\\\/www.ildammuso.com\\\/it\\\/capitan-artiuro-e-la-sua-ciurma\\\/\"]}]},{\"@type\":\"ImageObject\",\"inLanguage\":\"it-IT\",\"@id\":\"https:\\\/\\\/www.ildammuso.com\\\/it\\\/capitan-artiuro-e-la-sua-ciurma\\\/#primaryimage\",\"url\":\"https:\\\/\\\/www.ildammuso.com\\\/wp-content\\\/uploads\\\/2021\\\/09\\\/capitan-artiuro-e-la-sua-ciurma.jpeg\",\"contentUrl\":\"https:\\\/\\\/www.ildammuso.com\\\/wp-content\\\/uploads\\\/2021\\\/09\\\/capitan-artiuro-e-la-sua-ciurma.jpeg\",\"width\":2048,\"height\":1536,\"caption\":\"Capitan Artiuro\"},{\"@type\":\"BreadcrumbList\",\"@id\":\"https:\\\/\\\/www.ildammuso.com\\\/it\\\/capitan-artiuro-e-la-sua-ciurma\\\/#breadcrumb\",\"itemListElement\":[{\"@type\":\"ListItem\",\"position\":1,\"name\":\"Home\",\"item\":\"https:\\\/\\\/www.ildammuso.com\\\/it\\\/\"},{\"@type\":\"ListItem\",\"position\":2,\"name\":\"&nbsp;\"}]},{\"@type\":\"WebSite\",\"@id\":\"https:\\\/\\\/www.ildammuso.com\\\/it\\\/#website\",\"url\":\"https:\\\/\\\/www.ildammuso.com\\\/it\\\/\",\"name\":\"Il Dammuso\",\"description\":\"Il tuo Dammuso a Pantelleria\",\"publisher\":{\"@id\":\"https:\\\/\\\/www.ildammuso.com\\\/it\\\/#organization\"},\"potentialAction\":[{\"@type\":\"SearchAction\",\"target\":{\"@type\":\"EntryPoint\",\"urlTemplate\":\"https:\\\/\\\/www.ildammuso.com\\\/it\\\/?s={search_term_string}\"},\"query-input\":{\"@type\":\"PropertyValueSpecification\",\"valueRequired\":true,\"valueName\":\"search_term_string\"}}],\"inLanguage\":\"it-IT\"},{\"@type\":\"Organization\",\"@id\":\"https:\\\/\\\/www.ildammuso.com\\\/it\\\/#organization\",\"name\":\"Il Dammuso\",\"url\":\"https:\\\/\\\/www.ildammuso.com\\\/it\\\/\",\"logo\":{\"@type\":\"ImageObject\",\"inLanguage\":\"it-IT\",\"@id\":\"https:\\\/\\\/www.ildammuso.com\\\/it\\\/#\\\/schema\\\/logo\\\/image\\\/\",\"url\":\"https:\\\/\\\/www.ildammuso.com\\\/wp-content\\\/uploads\\\/2022\\\/06\\\/logo-ildammuso.jpg\",\"contentUrl\":\"https:\\\/\\\/www.ildammuso.com\\\/wp-content\\\/uploads\\\/2022\\\/06\\\/logo-ildammuso.jpg\",\"width\":426,\"height\":395,\"caption\":\"Il Dammuso\"},\"image\":{\"@id\":\"https:\\\/\\\/www.ildammuso.com\\\/it\\\/#\\\/schema\\\/logo\\\/image\\\/\"},\"sameAs\":[\"https:\\\/\\\/www.facebook.com\\\/ildammusodipantelleria\\\/\",\"https:\\\/\\\/www.instagram.com\\\/ildammusogram\\\/\"]},{\"@type\":\"Person\",\"@id\":\"https:\\\/\\\/www.ildammuso.com\\\/it\\\/#\\\/schema\\\/person\\\/a97bc2634c1ae772b6efbb07fef2b3a8\",\"name\":\"claudia\",\"image\":{\"@type\":\"ImageObject\",\"inLanguage\":\"it-IT\",\"@id\":\"https:\\\/\\\/secure.gravatar.com\\\/avatar\\\/bfa9e85032faeaffeaaafd48c7c09ad8da852ff133d8361db8721aff28093ebe?s=96&d=mm&r=g\",\"url\":\"https:\\\/\\\/secure.gravatar.com\\\/avatar\\\/bfa9e85032faeaffeaaafd48c7c09ad8da852ff133d8361db8721aff28093ebe?s=96&d=mm&r=g\",\"contentUrl\":\"https:\\\/\\\/secure.gravatar.com\\\/avatar\\\/bfa9e85032faeaffeaaafd48c7c09ad8da852ff133d8361db8721aff28093ebe?s=96&d=mm&r=g\",\"caption\":\"claudia\"}}]}<\/script>\n<!-- \/ Yoast SEO plugin. -->","yoast_head_json":{"title":"CAPITAN ARTIURO e la sua ciurma | Il Dammuso","description":"Il racconto di una mattinata in barca. Partenza dal porticciolo di Scauri, mare in tempesta e meduse. Un rientro prima del previsto.","robots":{"index":"index","follow":"follow","max-snippet":"max-snippet:-1","max-image-preview":"max-image-preview:large","max-video-preview":"max-video-preview:-1"},"canonical":"https:\/\/www.ildammuso.com\/it\/capitan-artiuro-e-la-sua-ciurma\/","og_locale":"it_IT","og_type":"article","og_title":"CAPITAN ARTIURO e la sua ciurma | Il Dammuso","og_description":"Il racconto di una mattinata in barca. Partenza dal porticciolo di Scauri, mare in tempesta e meduse. Un rientro prima del previsto.","og_url":"https:\/\/www.ildammuso.com\/it\/capitan-artiuro-e-la-sua-ciurma\/","og_site_name":"Il Dammuso","article_publisher":"https:\/\/www.facebook.com\/ildammusodipantelleria\/","article_published_time":"2021-08-17T12:01:00+00:00","article_modified_time":"2022-09-20T12:17:07+00:00","og_image":[{"width":2048,"height":1536,"url":"https:\/\/storage1254.cdn-immedia.net\/wp-content\/uploads\/2021\/09\/capitan-artiuro-e-la-sua-ciurma.jpeg","type":"image\/jpeg"}],"author":"claudia","twitter_card":"summary_large_image","twitter_misc":{"Scritto da":"claudia","Tempo di lettura stimato":"3 minuti"},"schema":{"@context":"https:\/\/schema.org","@graph":[{"@type":"Article","@id":"https:\/\/www.ildammuso.com\/it\/capitan-artiuro-e-la-sua-ciurma\/#article","isPartOf":{"@id":"https:\/\/www.ildammuso.com\/it\/capitan-artiuro-e-la-sua-ciurma\/"},"author":{"name":"claudia","@id":"https:\/\/www.ildammuso.com\/it\/#\/schema\/person\/a97bc2634c1ae772b6efbb07fef2b3a8"},"headline":"CAPITAN ARTIURO e la sua ciurma","datePublished":"2021-08-17T12:01:00+00:00","dateModified":"2022-09-20T12:17:07+00:00","mainEntityOfPage":{"@id":"https:\/\/www.ildammuso.com\/it\/capitan-artiuro-e-la-sua-ciurma\/"},"wordCount":435,"commentCount":0,"publisher":{"@id":"https:\/\/www.ildammuso.com\/it\/#organization"},"image":{"@id":"https:\/\/www.ildammuso.com\/it\/capitan-artiuro-e-la-sua-ciurma\/#primaryimage"},"thumbnailUrl":"https:\/\/storage1254.cdn-immedia.net\/wp-content\/uploads\/2021\/09\/capitan-artiuro-e-la-sua-ciurma.jpeg","keywords":["#gommone","#meduse","#tuffi","ildammuso.com","mare","pantelleria"],"articleSection":["Istruzioni per l'uso","Pantelleria, l'isola"],"inLanguage":"it-IT","potentialAction":[{"@type":"CommentAction","name":"Comment","target":["https:\/\/www.ildammuso.com\/it\/capitan-artiuro-e-la-sua-ciurma\/#respond"]}]},{"@type":"WebPage","@id":"https:\/\/www.ildammuso.com\/it\/capitan-artiuro-e-la-sua-ciurma\/","url":"https:\/\/www.ildammuso.com\/it\/capitan-artiuro-e-la-sua-ciurma\/","name":"CAPITAN ARTIURO e la sua ciurma | Il Dammuso","isPartOf":{"@id":"https:\/\/www.ildammuso.com\/it\/#website"},"primaryImageOfPage":{"@id":"https:\/\/www.ildammuso.com\/it\/capitan-artiuro-e-la-sua-ciurma\/#primaryimage"},"image":{"@id":"https:\/\/www.ildammuso.com\/it\/capitan-artiuro-e-la-sua-ciurma\/#primaryimage"},"thumbnailUrl":"https:\/\/storage1254.cdn-immedia.net\/wp-content\/uploads\/2021\/09\/capitan-artiuro-e-la-sua-ciurma.jpeg","datePublished":"2021-08-17T12:01:00+00:00","dateModified":"2022-09-20T12:17:07+00:00","description":"Il racconto di una mattinata in barca. Partenza dal porticciolo di Scauri, mare in tempesta e meduse. Un rientro prima del previsto.","breadcrumb":{"@id":"https:\/\/www.ildammuso.com\/it\/capitan-artiuro-e-la-sua-ciurma\/#breadcrumb"},"inLanguage":"it-IT","potentialAction":[{"@type":"ReadAction","target":["https:\/\/www.ildammuso.com\/it\/capitan-artiuro-e-la-sua-ciurma\/"]}]},{"@type":"ImageObject","inLanguage":"it-IT","@id":"https:\/\/www.ildammuso.com\/it\/capitan-artiuro-e-la-sua-ciurma\/#primaryimage","url":"https:\/\/storage1254.cdn-immedia.net\/wp-content\/uploads\/2021\/09\/capitan-artiuro-e-la-sua-ciurma.jpeg","contentUrl":"https:\/\/storage1254.cdn-immedia.net\/wp-content\/uploads\/2021\/09\/capitan-artiuro-e-la-sua-ciurma.jpeg","width":2048,"height":1536,"caption":"Capitan Artiuro"},{"@type":"BreadcrumbList","@id":"https:\/\/www.ildammuso.com\/it\/capitan-artiuro-e-la-sua-ciurma\/#breadcrumb","itemListElement":[{"@type":"ListItem","position":1,"name":"Home","item":"https:\/\/www.ildammuso.com\/it\/"},{"@type":"ListItem","position":2,"name":"&nbsp;"}]},{"@type":"WebSite","@id":"https:\/\/www.ildammuso.com\/it\/#website","url":"https:\/\/www.ildammuso.com\/it\/","name":"Il Dammuso","description":"Il tuo Dammuso a Pantelleria","publisher":{"@id":"https:\/\/www.ildammuso.com\/it\/#organization"},"potentialAction":[{"@type":"SearchAction","target":{"@type":"EntryPoint","urlTemplate":"https:\/\/www.ildammuso.com\/it\/?s={search_term_string}"},"query-input":{"@type":"PropertyValueSpecification","valueRequired":true,"valueName":"search_term_string"}}],"inLanguage":"it-IT"},{"@type":"Organization","@id":"https:\/\/www.ildammuso.com\/it\/#organization","name":"Il Dammuso","url":"https:\/\/www.ildammuso.com\/it\/","logo":{"@type":"ImageObject","inLanguage":"it-IT","@id":"https:\/\/www.ildammuso.com\/it\/#\/schema\/logo\/image\/","url":"https:\/\/storage1254.cdn-immedia.net\/wp-content\/uploads\/2022\/06\/logo-ildammuso.jpg","contentUrl":"https:\/\/storage1254.cdn-immedia.net\/wp-content\/uploads\/2022\/06\/logo-ildammuso.jpg","width":426,"height":395,"caption":"Il Dammuso"},"image":{"@id":"https:\/\/www.ildammuso.com\/it\/#\/schema\/logo\/image\/"},"sameAs":["https:\/\/www.facebook.com\/ildammusodipantelleria\/","https:\/\/www.instagram.com\/ildammusogram\/"]},{"@type":"Person","@id":"https:\/\/www.ildammuso.com\/it\/#\/schema\/person\/a97bc2634c1ae772b6efbb07fef2b3a8","name":"claudia","image":{"@type":"ImageObject","inLanguage":"it-IT","@id":"https:\/\/secure.gravatar.com\/avatar\/bfa9e85032faeaffeaaafd48c7c09ad8da852ff133d8361db8721aff28093ebe?s=96&d=mm&r=g","url":"https:\/\/secure.gravatar.com\/avatar\/bfa9e85032faeaffeaaafd48c7c09ad8da852ff133d8361db8721aff28093ebe?s=96&d=mm&r=g","contentUrl":"https:\/\/secure.gravatar.com\/avatar\/bfa9e85032faeaffeaaafd48c7c09ad8da852ff133d8361db8721aff28093ebe?s=96&d=mm&r=g","caption":"claudia"}}]}},"_links":{"self":[{"href":"https:\/\/www.ildammuso.com\/it\/wp-json\/wp\/v2\/posts\/5303","targetHints":{"allow":["GET"]}}],"collection":[{"href":"https:\/\/www.ildammuso.com\/it\/wp-json\/wp\/v2\/posts"}],"about":[{"href":"https:\/\/www.ildammuso.com\/it\/wp-json\/wp\/v2\/types\/post"}],"author":[{"embeddable":true,"href":"https:\/\/www.ildammuso.com\/it\/wp-json\/wp\/v2\/users\/3"}],"replies":[{"embeddable":true,"href":"https:\/\/www.ildammuso.com\/it\/wp-json\/wp\/v2\/comments?post=5303"}],"version-history":[{"count":2,"href":"https:\/\/www.ildammuso.com\/it\/wp-json\/wp\/v2\/posts\/5303\/revisions"}],"predecessor-version":[{"id":15955,"href":"https:\/\/www.ildammuso.com\/it\/wp-json\/wp\/v2\/posts\/5303\/revisions\/15955"}],"wp:featuredmedia":[{"embeddable":true,"href":"https:\/\/www.ildammuso.com\/it\/wp-json\/wp\/v2\/media\/11586"}],"wp:attachment":[{"href":"https:\/\/www.ildammuso.com\/it\/wp-json\/wp\/v2\/media?parent=5303"}],"wp:term":[{"taxonomy":"category","embeddable":true,"href":"https:\/\/www.ildammuso.com\/it\/wp-json\/wp\/v2\/categories?post=5303"},{"taxonomy":"post_tag","embeddable":true,"href":"https:\/\/www.ildammuso.com\/it\/wp-json\/wp\/v2\/tags?post=5303"}],"curies":[{"name":"wp","href":"https:\/\/api.w.org\/{rel}","templated":true}]}}