{"id":6211,"date":"2021-11-06T10:33:00","date_gmt":"2021-11-06T09:33:00","guid":{"rendered":"https:\/\/www.ildammuso.com\/?p=6211"},"modified":"2022-09-27T14:40:42","modified_gmt":"2022-09-27T12:40:42","slug":"il-nostro-saluto-per-questa-stagione-a-meta-strada-tra-un-arrivederci-e-un-addio","status":"publish","type":"post","link":"https:\/\/www.ildammuso.com\/it\/il-nostro-saluto-per-questa-stagione-a-meta-strada-tra-un-arrivederci-e-un-addio\/","title":{"rendered":"Il nostro saluto per questa stagione, a met\u00e0 strada tra un arrivederci e un addio."},"content":{"rendered":"<p>Siamo a Pantelleria e dobbiamo tornare a Palermo, l\u2019aereo \u00e8 alle 16.45, ma quando si tratta di partenze Giovanni ha una sua personale percezione del tempo.<\/p>\n<p>Molto personale.<\/p>\n<p>Se vi dico personalissima mi credete?<\/p>\n<p>\u00c8 alla scrivania e non mi rivolge neanche lo sguardo, senza togliere gli occhi dallo schermo mi dice:<\/p>\n<p>\u201cTermino questa mail e mi preparo \u201c.<\/p>\n<p>Che vuol dire mi preparo? Penso terrorizzata tra me e me. Deve ancora fare il bagaglio? Di sicuro dobbiamo sistemare alcune cose, chiudere casa, dovr\u00e0 farsi la doccia?<\/p>\n<p>Se un volo aereo attende Giovanni, lui nel tempo che intercorre tra l\u2019attimo in cui decide che deve \u201cprepararsi\u201d e quello che alla fine lo vedr\u00e0 seduto nel suo posticino numerato, pu\u00f2 metterci una infinit\u00e0 di cose.<\/p>\n<p>E io so, perch\u00e9 lo so, che \u201cquesta infinit\u00e0 di cose\u201d hanno un pessimo effetto sul mio fegato.<\/p>\n<p>Finalmente si alza dalla sedia e stacca la spina del portatile e comincia ad aggirarsi per casa.<\/p>\n<p>Io non voglio dirvi che ora e perch\u00e9 altrimenti ne soffrir\u00e0 anche la vostra bile.<\/p>\n<p>Vorrei solo che mi immaginaste davanti la porta di casa, giubbotto addosso e trolley nelle mani.<\/p>\n<p>Mentre lui prende una cosa e la sposta, da un luogo ad un altro, con una enigmatica flemma.<\/p>\n<p>\u201cNon mi guardare cos\u00ec che mi fai venire l\u2019ansia\u201d, minaccia PER GIUNTA.<\/p>\n<p>Il nostro Dammuso dista circa trenta minuti dall\u2019aeroporto di Pantelleria ed io capisco che se non si d\u00e0 una mossa non si torna a Palermo in giornata.<\/p>\n<p>Finalmente siamo in auto, io nel frattempo tre mesi di vita me li sono giocati rosicando, lui mette in moto l\u2019auto e partiamo.<\/p>\n<p>Arrivati alla perimetrale vedo che accosta e, allarmata, gli domando:<\/p>\n<p>\u201cChe succede, ti senti poco bene?\u201d.<\/p>\n<p>Lui, afferrando la sua macchina fotografica, mi risponde: \u201cDa qui, e con questa luce, viene una foto perfetta\u201d.<\/p>\n<p>Esce dall\u2019auto e fotografa.<\/p>\n<p>Minaccio di spingerlo gi\u00f9 dal burrone e risale in auto.<\/p>\n<p>Un paio di chilometri e riaccosta.<\/p>\n<p>\u201d CHE FAI!!!&#8221;, grido.<\/p>\n<p>Flemmatico: \u201cDevo raccogliere la ginestra spinosa\u201d.<\/p>\n<p>Io sono gialla dalla bile tale e quale la ginestra e spinosa ancora di pi\u00f9.<\/p>\n<p>Finalmente in aeroporto: \u201cSignori siete gli ultimi passeggeri, avete compilato il modulo XY?\u201d<\/p>\n<p>Lui: \u201cCerto, on line\u201d.<\/p>\n<p>LORO: \u201cSpiacenti adesso dovete farlo a mano\u201d.<\/p>\n<p>Recupero una penna in tutta fretta mentre lui si guarda attorno chiedendone un\u2019alta poi mi strappa il modulo dalle mani, IL MIO MODULO, e lo compila lui.<\/p>\n<p>Arriviamo al gate mentre ci esortano: \u201cCarte d\u2019imbarco, documenti e modulo YZ\u201d.<\/p>\n<p>Noi: \u201cMa lo abbiamo appena consegnato\u201d.<\/p>\n<p>LORO: \u201cNOOOO, \u00e8 un altro\u201d.<\/p>\n<p>GIOVANNI: \u201cAnche questo abbiamo fatto online\u201d.<\/p>\n<p>LORO: \u201cTutti i passeggeri lo hanno portato stampato quindi adesso dovete scriverlo a mano, tenete. Sappiate che l\u2019aereo sta per partire senza di voi\u201d.<\/p>\n<p>Lui ha il coraggio di borbottare per l&#8217;inefficienza aeroportuale, io vorrei portarlo al centro della pista di atterraggio e quello che succede.<\/p>\n<p>Evidentemente non so cosa ho scritto su quel modulo.<\/p>\n<p>Ricordo solo di essere salita sull\u2019aereo che tutti ci guardavano in cagnesco e ho cercato di fare come nulla fosse.<\/p>\n<p>Mentre lui ostentava una intollerabile nonchalance.<\/p>\n<p>Dalla prossima volta io e Giovanni, ovviamente, partiamo separati.<\/p>\n<p>P.S. Le partenze da un qualsiasi luogo sono a met\u00e0 tra l\u2019arrivederci e l\u2019addio.<\/p>\n<p>Voglio salutarvi con questo racconto pi\u00f9 reale che verosimile.<\/p>\n<p>Ritorniamo presto e presumo che non vi mancheremo particolarmente.<\/p>\n<p>Pantelleria e voi, invece, a noi mancherete moltissimo.<\/p>\n<p>Di certo, ad attenderci ci sar\u00e0 la prossima meravigliosa stagione sull\u2019isola.<\/p>\n<p>Foto di Giovanni Matta<\/p>\n<p><a class=\"oajrlxb2 g5ia77u1 qu0x051f esr5mh6w e9989ue4 r7d6kgcz rq0escxv nhd2j8a9 nc684nl6 p7hjln8o kvgmc6g5 cxmmr5t8 oygrvhab hcukyx3x jb3vyjys rz4wbd8a qt6c0cv9 a8nywdso i1ao9s8h esuyzwwr f1sip0of lzcic4wl q66pz984 gpro0wi8 b1v8xokw\" tabindex=\"0\" role=\"link\" href=\"https:\/\/www.facebook.com\/hashtag\/ildammuso?__eep__=6&amp;__cft__[0]=AZUcIO93N_ehpjbfklYf39l8KigwD7U78NX-SRk4tprfkLsKOZijkEQqDQ9BSAxElyxpWu9nNGFumzoGfQnqEb_hy19ef5SS5WwrSYe-tAWObAnAe1cLXp71Pv8-BPJMBbGtwpRAV30WyVEH82CaADNVZmLICduSv3Pi3QU_YOo77Wj52RNcMrgeutKmsnRwWY8&amp;__tn__=*NK-R\">#ildammuso<\/a> <a class=\"oajrlxb2 g5ia77u1 qu0x051f esr5mh6w e9989ue4 r7d6kgcz rq0escxv nhd2j8a9 nc684nl6 p7hjln8o kvgmc6g5 cxmmr5t8 oygrvhab hcukyx3x jb3vyjys rz4wbd8a qt6c0cv9 a8nywdso i1ao9s8h esuyzwwr f1sip0of lzcic4wl q66pz984 gpro0wi8 b1v8xokw\" tabindex=\"0\" role=\"link\" href=\"https:\/\/www.facebook.com\/hashtag\/pantelleria?__eep__=6&amp;__cft__[0]=AZUcIO93N_ehpjbfklYf39l8KigwD7U78NX-SRk4tprfkLsKOZijkEQqDQ9BSAxElyxpWu9nNGFumzoGfQnqEb_hy19ef5SS5WwrSYe-tAWObAnAe1cLXp71Pv8-BPJMBbGtwpRAV30WyVEH82CaADNVZmLICduSv3Pi3QU_YOo77Wj52RNcMrgeutKmsnRwWY8&amp;__tn__=*NK-R\">#pantelleria<\/a> <a class=\"oajrlxb2 g5ia77u1 qu0x051f esr5mh6w e9989ue4 r7d6kgcz rq0escxv nhd2j8a9 nc684nl6 p7hjln8o kvgmc6g5 cxmmr5t8 oygrvhab hcukyx3x jb3vyjys rz4wbd8a qt6c0cv9 a8nywdso i1ao9s8h esuyzwwr f1sip0of lzcic4wl q66pz984 gpro0wi8 b1v8xokw\" tabindex=\"0\" role=\"link\" href=\"https:\/\/www.facebook.com\/hashtag\/saluti?__eep__=6&amp;__cft__[0]=AZUcIO93N_ehpjbfklYf39l8KigwD7U78NX-SRk4tprfkLsKOZijkEQqDQ9BSAxElyxpWu9nNGFumzoGfQnqEb_hy19ef5SS5WwrSYe-tAWObAnAe1cLXp71Pv8-BPJMBbGtwpRAV30WyVEH82CaADNVZmLICduSv3Pi3QU_YOo77Wj52RNcMrgeutKmsnRwWY8&amp;__tn__=*NK-R\">#saluti<\/a><\/p>\n","protected":false},"excerpt":{"rendered":"<p>Au revoir<\/p>\n","protected":false},"author":3,"featured_media":11514,"comment_status":"open","ping_status":"open","sticky":false,"template":"","format":"standard","meta":{"_acf_changed":false,"footnotes":""},"categories":[441],"tags":[346,347,228,91],"class_list":["post-6211","post","type-post","status-publish","format-standard","has-post-thumbnail","hentry","category-pippe","tag-cirivediamoapantelleria","tag-saluti","tag-ildammuso","tag-pantelleria"],"acf":[],"yoast_head":"<!-- This site is optimized with the Yoast SEO plugin v27.4 - https:\/\/yoast.com\/product\/yoast-seo-wordpress\/ -->\n<title>Il nostro saluto per questa stagione, a met\u00e0 strada tra un arrivederci e un addio. | Il Dammuso<\/title>\n<meta name=\"description\" content=\"Il nostro arrivederci a Pantelleria. Una corsa all&#039;impazzata verso l&#039;aeroporto mentre Giovanni gioca a perder tempo\" \/>\n<meta name=\"robots\" content=\"index, follow, max-snippet:-1, max-image-preview:large, max-video-preview:-1\" \/>\n<link rel=\"canonical\" href=\"https:\/\/www.ildammuso.com\/it\/il-nostro-saluto-per-questa-stagione-a-meta-strada-tra-un-arrivederci-e-un-addio\/\" \/>\n<meta property=\"og:locale\" content=\"it_IT\" \/>\n<meta property=\"og:type\" content=\"article\" \/>\n<meta property=\"og:title\" content=\"Il nostro saluto per questa stagione, a met\u00e0 strada tra un arrivederci e un addio. | Il Dammuso\" \/>\n<meta property=\"og:description\" content=\"Il nostro arrivederci a Pantelleria. Una corsa all&#039;impazzata verso l&#039;aeroporto mentre Giovanni gioca a perder tempo\" \/>\n<meta property=\"og:url\" content=\"https:\/\/www.ildammuso.com\/it\/il-nostro-saluto-per-questa-stagione-a-meta-strada-tra-un-arrivederci-e-un-addio\/\" \/>\n<meta property=\"og:site_name\" content=\"Il Dammuso\" \/>\n<meta property=\"article:publisher\" content=\"https:\/\/www.facebook.com\/ildammusodipantelleria\/\" \/>\n<meta property=\"article:published_time\" content=\"2021-11-06T09:33:00+00:00\" \/>\n<meta property=\"article:modified_time\" content=\"2022-09-27T12:40:42+00:00\" \/>\n<meta property=\"og:image\" content=\"https:\/\/storage1254.cdn-immedia.net\/wp-content\/uploads\/2021\/11\/saluto_pantelleria_2021.jpeg\" \/>\n\t<meta property=\"og:image:width\" content=\"2304\" \/>\n\t<meta property=\"og:image:height\" content=\"1728\" \/>\n\t<meta property=\"og:image:type\" content=\"image\/jpeg\" \/>\n<meta name=\"author\" content=\"claudia\" \/>\n<meta name=\"twitter:card\" content=\"summary_large_image\" \/>\n<meta name=\"twitter:label1\" content=\"Scritto da\" \/>\n\t<meta name=\"twitter:data1\" content=\"claudia\" \/>\n\t<meta name=\"twitter:label2\" content=\"Tempo di lettura stimato\" \/>\n\t<meta name=\"twitter:data2\" content=\"4 minuti\" \/>\n<script type=\"application\/ld+json\" class=\"yoast-schema-graph\">{\"@context\":\"https:\\\/\\\/schema.org\",\"@graph\":[{\"@type\":\"Article\",\"@id\":\"https:\\\/\\\/www.ildammuso.com\\\/it\\\/il-nostro-saluto-per-questa-stagione-a-meta-strada-tra-un-arrivederci-e-un-addio\\\/#article\",\"isPartOf\":{\"@id\":\"https:\\\/\\\/www.ildammuso.com\\\/it\\\/il-nostro-saluto-per-questa-stagione-a-meta-strada-tra-un-arrivederci-e-un-addio\\\/\"},\"author\":{\"name\":\"claudia\",\"@id\":\"https:\\\/\\\/www.ildammuso.com\\\/it\\\/#\\\/schema\\\/person\\\/a97bc2634c1ae772b6efbb07fef2b3a8\"},\"headline\":\"Il nostro saluto per questa stagione, a met\u00e0 strada tra un arrivederci e un addio.\",\"datePublished\":\"2021-11-06T09:33:00+00:00\",\"dateModified\":\"2022-09-27T12:40:42+00:00\",\"mainEntityOfPage\":{\"@id\":\"https:\\\/\\\/www.ildammuso.com\\\/it\\\/il-nostro-saluto-per-questa-stagione-a-meta-strada-tra-un-arrivederci-e-un-addio\\\/\"},\"wordCount\":601,\"commentCount\":0,\"publisher\":{\"@id\":\"https:\\\/\\\/www.ildammuso.com\\\/it\\\/#organization\"},\"image\":{\"@id\":\"https:\\\/\\\/www.ildammuso.com\\\/it\\\/il-nostro-saluto-per-questa-stagione-a-meta-strada-tra-un-arrivederci-e-un-addio\\\/#primaryimage\"},\"thumbnailUrl\":\"https:\\\/\\\/www.ildammuso.com\\\/wp-content\\\/uploads\\\/2021\\\/11\\\/saluto_pantelleria_2021.jpeg\",\"keywords\":[\"#cirivediamoaPantelleria\",\"#saluti\",\"ildammuso\",\"pantelleria\"],\"articleSection\":[\"Pippe d'altura\"],\"inLanguage\":\"it-IT\",\"potentialAction\":[{\"@type\":\"CommentAction\",\"name\":\"Comment\",\"target\":[\"https:\\\/\\\/www.ildammuso.com\\\/it\\\/il-nostro-saluto-per-questa-stagione-a-meta-strada-tra-un-arrivederci-e-un-addio\\\/#respond\"]}]},{\"@type\":\"WebPage\",\"@id\":\"https:\\\/\\\/www.ildammuso.com\\\/it\\\/il-nostro-saluto-per-questa-stagione-a-meta-strada-tra-un-arrivederci-e-un-addio\\\/\",\"url\":\"https:\\\/\\\/www.ildammuso.com\\\/it\\\/il-nostro-saluto-per-questa-stagione-a-meta-strada-tra-un-arrivederci-e-un-addio\\\/\",\"name\":\"Il nostro saluto per questa stagione, a met\u00e0 strada tra un arrivederci e un addio. | Il Dammuso\",\"isPartOf\":{\"@id\":\"https:\\\/\\\/www.ildammuso.com\\\/it\\\/#website\"},\"primaryImageOfPage\":{\"@id\":\"https:\\\/\\\/www.ildammuso.com\\\/it\\\/il-nostro-saluto-per-questa-stagione-a-meta-strada-tra-un-arrivederci-e-un-addio\\\/#primaryimage\"},\"image\":{\"@id\":\"https:\\\/\\\/www.ildammuso.com\\\/it\\\/il-nostro-saluto-per-questa-stagione-a-meta-strada-tra-un-arrivederci-e-un-addio\\\/#primaryimage\"},\"thumbnailUrl\":\"https:\\\/\\\/www.ildammuso.com\\\/wp-content\\\/uploads\\\/2021\\\/11\\\/saluto_pantelleria_2021.jpeg\",\"datePublished\":\"2021-11-06T09:33:00+00:00\",\"dateModified\":\"2022-09-27T12:40:42+00:00\",\"description\":\"Il nostro arrivederci a Pantelleria. Una corsa all'impazzata verso l'aeroporto mentre Giovanni gioca a perder tempo\",\"breadcrumb\":{\"@id\":\"https:\\\/\\\/www.ildammuso.com\\\/it\\\/il-nostro-saluto-per-questa-stagione-a-meta-strada-tra-un-arrivederci-e-un-addio\\\/#breadcrumb\"},\"inLanguage\":\"it-IT\",\"potentialAction\":[{\"@type\":\"ReadAction\",\"target\":[\"https:\\\/\\\/www.ildammuso.com\\\/it\\\/il-nostro-saluto-per-questa-stagione-a-meta-strada-tra-un-arrivederci-e-un-addio\\\/\"]}]},{\"@type\":\"ImageObject\",\"inLanguage\":\"it-IT\",\"@id\":\"https:\\\/\\\/www.ildammuso.com\\\/it\\\/il-nostro-saluto-per-questa-stagione-a-meta-strada-tra-un-arrivederci-e-un-addio\\\/#primaryimage\",\"url\":\"https:\\\/\\\/www.ildammuso.com\\\/wp-content\\\/uploads\\\/2021\\\/11\\\/saluto_pantelleria_2021.jpeg\",\"contentUrl\":\"https:\\\/\\\/www.ildammuso.com\\\/wp-content\\\/uploads\\\/2021\\\/11\\\/saluto_pantelleria_2021.jpeg\",\"width\":2304,\"height\":1728,\"caption\":\"OLYMPUS DIGITAL CAMERA\"},{\"@type\":\"BreadcrumbList\",\"@id\":\"https:\\\/\\\/www.ildammuso.com\\\/it\\\/il-nostro-saluto-per-questa-stagione-a-meta-strada-tra-un-arrivederci-e-un-addio\\\/#breadcrumb\",\"itemListElement\":[{\"@type\":\"ListItem\",\"position\":1,\"name\":\"Home\",\"item\":\"https:\\\/\\\/www.ildammuso.com\\\/it\\\/\"},{\"@type\":\"ListItem\",\"position\":2,\"name\":\"&nbsp;\"}]},{\"@type\":\"WebSite\",\"@id\":\"https:\\\/\\\/www.ildammuso.com\\\/it\\\/#website\",\"url\":\"https:\\\/\\\/www.ildammuso.com\\\/it\\\/\",\"name\":\"Il Dammuso\",\"description\":\"Il tuo Dammuso a Pantelleria\",\"publisher\":{\"@id\":\"https:\\\/\\\/www.ildammuso.com\\\/it\\\/#organization\"},\"potentialAction\":[{\"@type\":\"SearchAction\",\"target\":{\"@type\":\"EntryPoint\",\"urlTemplate\":\"https:\\\/\\\/www.ildammuso.com\\\/it\\\/?s={search_term_string}\"},\"query-input\":{\"@type\":\"PropertyValueSpecification\",\"valueRequired\":true,\"valueName\":\"search_term_string\"}}],\"inLanguage\":\"it-IT\"},{\"@type\":\"Organization\",\"@id\":\"https:\\\/\\\/www.ildammuso.com\\\/it\\\/#organization\",\"name\":\"Il Dammuso\",\"url\":\"https:\\\/\\\/www.ildammuso.com\\\/it\\\/\",\"logo\":{\"@type\":\"ImageObject\",\"inLanguage\":\"it-IT\",\"@id\":\"https:\\\/\\\/www.ildammuso.com\\\/it\\\/#\\\/schema\\\/logo\\\/image\\\/\",\"url\":\"https:\\\/\\\/www.ildammuso.com\\\/wp-content\\\/uploads\\\/2022\\\/06\\\/logo-ildammuso.jpg\",\"contentUrl\":\"https:\\\/\\\/www.ildammuso.com\\\/wp-content\\\/uploads\\\/2022\\\/06\\\/logo-ildammuso.jpg\",\"width\":426,\"height\":395,\"caption\":\"Il Dammuso\"},\"image\":{\"@id\":\"https:\\\/\\\/www.ildammuso.com\\\/it\\\/#\\\/schema\\\/logo\\\/image\\\/\"},\"sameAs\":[\"https:\\\/\\\/www.facebook.com\\\/ildammusodipantelleria\\\/\",\"https:\\\/\\\/www.instagram.com\\\/ildammusogram\\\/\"]},{\"@type\":\"Person\",\"@id\":\"https:\\\/\\\/www.ildammuso.com\\\/it\\\/#\\\/schema\\\/person\\\/a97bc2634c1ae772b6efbb07fef2b3a8\",\"name\":\"claudia\",\"image\":{\"@type\":\"ImageObject\",\"inLanguage\":\"it-IT\",\"@id\":\"https:\\\/\\\/secure.gravatar.com\\\/avatar\\\/bfa9e85032faeaffeaaafd48c7c09ad8da852ff133d8361db8721aff28093ebe?s=96&d=mm&r=g\",\"url\":\"https:\\\/\\\/secure.gravatar.com\\\/avatar\\\/bfa9e85032faeaffeaaafd48c7c09ad8da852ff133d8361db8721aff28093ebe?s=96&d=mm&r=g\",\"contentUrl\":\"https:\\\/\\\/secure.gravatar.com\\\/avatar\\\/bfa9e85032faeaffeaaafd48c7c09ad8da852ff133d8361db8721aff28093ebe?s=96&d=mm&r=g\",\"caption\":\"claudia\"}}]}<\/script>\n<!-- \/ Yoast SEO plugin. -->","yoast_head_json":{"title":"Il nostro saluto per questa stagione, a met\u00e0 strada tra un arrivederci e un addio. | Il Dammuso","description":"Il nostro arrivederci a Pantelleria. Una corsa all'impazzata verso l'aeroporto mentre Giovanni gioca a perder tempo","robots":{"index":"index","follow":"follow","max-snippet":"max-snippet:-1","max-image-preview":"max-image-preview:large","max-video-preview":"max-video-preview:-1"},"canonical":"https:\/\/www.ildammuso.com\/it\/il-nostro-saluto-per-questa-stagione-a-meta-strada-tra-un-arrivederci-e-un-addio\/","og_locale":"it_IT","og_type":"article","og_title":"Il nostro saluto per questa stagione, a met\u00e0 strada tra un arrivederci e un addio. | Il Dammuso","og_description":"Il nostro arrivederci a Pantelleria. Una corsa all'impazzata verso l'aeroporto mentre Giovanni gioca a perder tempo","og_url":"https:\/\/www.ildammuso.com\/it\/il-nostro-saluto-per-questa-stagione-a-meta-strada-tra-un-arrivederci-e-un-addio\/","og_site_name":"Il Dammuso","article_publisher":"https:\/\/www.facebook.com\/ildammusodipantelleria\/","article_published_time":"2021-11-06T09:33:00+00:00","article_modified_time":"2022-09-27T12:40:42+00:00","og_image":[{"width":2304,"height":1728,"url":"https:\/\/storage1254.cdn-immedia.net\/wp-content\/uploads\/2021\/11\/saluto_pantelleria_2021.jpeg","type":"image\/jpeg"}],"author":"claudia","twitter_card":"summary_large_image","twitter_misc":{"Scritto da":"claudia","Tempo di lettura stimato":"4 minuti"},"schema":{"@context":"https:\/\/schema.org","@graph":[{"@type":"Article","@id":"https:\/\/www.ildammuso.com\/it\/il-nostro-saluto-per-questa-stagione-a-meta-strada-tra-un-arrivederci-e-un-addio\/#article","isPartOf":{"@id":"https:\/\/www.ildammuso.com\/it\/il-nostro-saluto-per-questa-stagione-a-meta-strada-tra-un-arrivederci-e-un-addio\/"},"author":{"name":"claudia","@id":"https:\/\/www.ildammuso.com\/it\/#\/schema\/person\/a97bc2634c1ae772b6efbb07fef2b3a8"},"headline":"Il nostro saluto per questa stagione, a met\u00e0 strada tra un arrivederci e un addio.","datePublished":"2021-11-06T09:33:00+00:00","dateModified":"2022-09-27T12:40:42+00:00","mainEntityOfPage":{"@id":"https:\/\/www.ildammuso.com\/it\/il-nostro-saluto-per-questa-stagione-a-meta-strada-tra-un-arrivederci-e-un-addio\/"},"wordCount":601,"commentCount":0,"publisher":{"@id":"https:\/\/www.ildammuso.com\/it\/#organization"},"image":{"@id":"https:\/\/www.ildammuso.com\/it\/il-nostro-saluto-per-questa-stagione-a-meta-strada-tra-un-arrivederci-e-un-addio\/#primaryimage"},"thumbnailUrl":"https:\/\/storage1254.cdn-immedia.net\/wp-content\/uploads\/2021\/11\/saluto_pantelleria_2021.jpeg","keywords":["#cirivediamoaPantelleria","#saluti","ildammuso","pantelleria"],"articleSection":["Pippe d'altura"],"inLanguage":"it-IT","potentialAction":[{"@type":"CommentAction","name":"Comment","target":["https:\/\/www.ildammuso.com\/it\/il-nostro-saluto-per-questa-stagione-a-meta-strada-tra-un-arrivederci-e-un-addio\/#respond"]}]},{"@type":"WebPage","@id":"https:\/\/www.ildammuso.com\/it\/il-nostro-saluto-per-questa-stagione-a-meta-strada-tra-un-arrivederci-e-un-addio\/","url":"https:\/\/www.ildammuso.com\/it\/il-nostro-saluto-per-questa-stagione-a-meta-strada-tra-un-arrivederci-e-un-addio\/","name":"Il nostro saluto per questa stagione, a met\u00e0 strada tra un arrivederci e un addio. | Il Dammuso","isPartOf":{"@id":"https:\/\/www.ildammuso.com\/it\/#website"},"primaryImageOfPage":{"@id":"https:\/\/www.ildammuso.com\/it\/il-nostro-saluto-per-questa-stagione-a-meta-strada-tra-un-arrivederci-e-un-addio\/#primaryimage"},"image":{"@id":"https:\/\/www.ildammuso.com\/it\/il-nostro-saluto-per-questa-stagione-a-meta-strada-tra-un-arrivederci-e-un-addio\/#primaryimage"},"thumbnailUrl":"https:\/\/storage1254.cdn-immedia.net\/wp-content\/uploads\/2021\/11\/saluto_pantelleria_2021.jpeg","datePublished":"2021-11-06T09:33:00+00:00","dateModified":"2022-09-27T12:40:42+00:00","description":"Il nostro arrivederci a Pantelleria. Una corsa all'impazzata verso l'aeroporto mentre Giovanni gioca a perder tempo","breadcrumb":{"@id":"https:\/\/www.ildammuso.com\/it\/il-nostro-saluto-per-questa-stagione-a-meta-strada-tra-un-arrivederci-e-un-addio\/#breadcrumb"},"inLanguage":"it-IT","potentialAction":[{"@type":"ReadAction","target":["https:\/\/www.ildammuso.com\/it\/il-nostro-saluto-per-questa-stagione-a-meta-strada-tra-un-arrivederci-e-un-addio\/"]}]},{"@type":"ImageObject","inLanguage":"it-IT","@id":"https:\/\/www.ildammuso.com\/it\/il-nostro-saluto-per-questa-stagione-a-meta-strada-tra-un-arrivederci-e-un-addio\/#primaryimage","url":"https:\/\/storage1254.cdn-immedia.net\/wp-content\/uploads\/2021\/11\/saluto_pantelleria_2021.jpeg","contentUrl":"https:\/\/storage1254.cdn-immedia.net\/wp-content\/uploads\/2021\/11\/saluto_pantelleria_2021.jpeg","width":2304,"height":1728,"caption":"OLYMPUS DIGITAL CAMERA"},{"@type":"BreadcrumbList","@id":"https:\/\/www.ildammuso.com\/it\/il-nostro-saluto-per-questa-stagione-a-meta-strada-tra-un-arrivederci-e-un-addio\/#breadcrumb","itemListElement":[{"@type":"ListItem","position":1,"name":"Home","item":"https:\/\/www.ildammuso.com\/it\/"},{"@type":"ListItem","position":2,"name":"&nbsp;"}]},{"@type":"WebSite","@id":"https:\/\/www.ildammuso.com\/it\/#website","url":"https:\/\/www.ildammuso.com\/it\/","name":"Il Dammuso","description":"Il tuo Dammuso a Pantelleria","publisher":{"@id":"https:\/\/www.ildammuso.com\/it\/#organization"},"potentialAction":[{"@type":"SearchAction","target":{"@type":"EntryPoint","urlTemplate":"https:\/\/www.ildammuso.com\/it\/?s={search_term_string}"},"query-input":{"@type":"PropertyValueSpecification","valueRequired":true,"valueName":"search_term_string"}}],"inLanguage":"it-IT"},{"@type":"Organization","@id":"https:\/\/www.ildammuso.com\/it\/#organization","name":"Il Dammuso","url":"https:\/\/www.ildammuso.com\/it\/","logo":{"@type":"ImageObject","inLanguage":"it-IT","@id":"https:\/\/www.ildammuso.com\/it\/#\/schema\/logo\/image\/","url":"https:\/\/storage1254.cdn-immedia.net\/wp-content\/uploads\/2022\/06\/logo-ildammuso.jpg","contentUrl":"https:\/\/storage1254.cdn-immedia.net\/wp-content\/uploads\/2022\/06\/logo-ildammuso.jpg","width":426,"height":395,"caption":"Il Dammuso"},"image":{"@id":"https:\/\/www.ildammuso.com\/it\/#\/schema\/logo\/image\/"},"sameAs":["https:\/\/www.facebook.com\/ildammusodipantelleria\/","https:\/\/www.instagram.com\/ildammusogram\/"]},{"@type":"Person","@id":"https:\/\/www.ildammuso.com\/it\/#\/schema\/person\/a97bc2634c1ae772b6efbb07fef2b3a8","name":"claudia","image":{"@type":"ImageObject","inLanguage":"it-IT","@id":"https:\/\/secure.gravatar.com\/avatar\/bfa9e85032faeaffeaaafd48c7c09ad8da852ff133d8361db8721aff28093ebe?s=96&d=mm&r=g","url":"https:\/\/secure.gravatar.com\/avatar\/bfa9e85032faeaffeaaafd48c7c09ad8da852ff133d8361db8721aff28093ebe?s=96&d=mm&r=g","contentUrl":"https:\/\/secure.gravatar.com\/avatar\/bfa9e85032faeaffeaaafd48c7c09ad8da852ff133d8361db8721aff28093ebe?s=96&d=mm&r=g","caption":"claudia"}}]}},"_links":{"self":[{"href":"https:\/\/www.ildammuso.com\/it\/wp-json\/wp\/v2\/posts\/6211","targetHints":{"allow":["GET"]}}],"collection":[{"href":"https:\/\/www.ildammuso.com\/it\/wp-json\/wp\/v2\/posts"}],"about":[{"href":"https:\/\/www.ildammuso.com\/it\/wp-json\/wp\/v2\/types\/post"}],"author":[{"embeddable":true,"href":"https:\/\/www.ildammuso.com\/it\/wp-json\/wp\/v2\/users\/3"}],"replies":[{"embeddable":true,"href":"https:\/\/www.ildammuso.com\/it\/wp-json\/wp\/v2\/comments?post=6211"}],"version-history":[{"count":3,"href":"https:\/\/www.ildammuso.com\/it\/wp-json\/wp\/v2\/posts\/6211\/revisions"}],"predecessor-version":[{"id":16220,"href":"https:\/\/www.ildammuso.com\/it\/wp-json\/wp\/v2\/posts\/6211\/revisions\/16220"}],"wp:featuredmedia":[{"embeddable":true,"href":"https:\/\/www.ildammuso.com\/it\/wp-json\/wp\/v2\/media\/11514"}],"wp:attachment":[{"href":"https:\/\/www.ildammuso.com\/it\/wp-json\/wp\/v2\/media?parent=6211"}],"wp:term":[{"taxonomy":"category","embeddable":true,"href":"https:\/\/www.ildammuso.com\/it\/wp-json\/wp\/v2\/categories?post=6211"},{"taxonomy":"post_tag","embeddable":true,"href":"https:\/\/www.ildammuso.com\/it\/wp-json\/wp\/v2\/tags?post=6211"}],"curies":[{"name":"wp","href":"https:\/\/api.w.org\/{rel}","templated":true}]}}